{"id":73108,"date":"2020-05-04T20:25:24","date_gmt":"2020-05-04T23:25:24","guid":{"rendered":"https:\/\/eldiariodesanpedro.com.ar\/sitio\/?p=73108"},"modified":"2020-05-04T20:25:28","modified_gmt":"2020-05-04T23:25:28","slug":"femicidio-la-autopsia-revelo-que-recibio-ocho-martillazos","status":"publish","type":"post","link":"https:\/\/eldiariodesanpedro.com.ar\/sitio\/femicidio-la-autopsia-revelo-que-recibio-ocho-martillazos\/","title":{"rendered":"Femicidio: La autopsia revelo que recibi\u00f3 ocho martillazos"},"content":{"rendered":"<!-- VideographyWP Plugin Message: Automatic video embedding prevented by plugin options. -->\n\n<p>Este lunes pasado el mediod\u00eda a trav\u00e9s de la fiscal\u00eda de nuestra ciudad se conocieron detalles de la autopsia realizada al cuerpo de Mar\u00eda Esperanza Fern\u00e1ndez, quien fue asesinada el pasado domingo por su pareja, dando como resultado ocho martillazos en la cabeza mientras dorm\u00eda, cambiando la causa a \u201cfemicidio con alevos\u00eda y premeditaci\u00f3n\u201d .&nbsp;<\/p>\n\n\n\n<p>Tras varios estudios en la autopsia realizada al cuerpo de la v\u00edctima asesinada por Roberto Ram\u00f3n Romero se pudo determinar que la mujer de 43 a\u00f1os recibi\u00f3 8 golpes en el cr\u00e1neo con un martillo mientras dorm\u00eda, el primero de ellos fatal.&nbsp;<\/p>\n\n\n\n<p>Adem\u00e1s se encontr\u00f3 la fractura de uno de sus dedos por lo que podr\u00eda ser que trato de defenderse de alguna manera.<\/p>\n\n\n\n<p>La Fiscal\u00eda local dispuso cambiar la car\u00e1tula de la causa a \u201cFemicidio Alevoso\u201d y podr\u00eda ser con premeditaci\u00f3n.<\/p>\n\n\n\n<p>Hasta el momento no se pudo hallar al autor de este aberrante crimen, a pesar de que se realizan rastrillajes en nuestra ciudad y en las ciudades vecinas.<\/p>\n","protected":false},"excerpt":{"rendered":"<p>Este lunes pasado el mediod\u00eda a trav\u00e9s de la fiscal\u00eda de nuestra ciudad se conocieron detalles de la autopsia realizada al cuerpo de Mar\u00eda Esperanza Fern\u00e1ndez, quien fue asesinada el pasado domingo por su pareja, dando como resultado ocho martillazos en la cabeza mientras dorm\u00eda, cambiando la causa a \u201cfemicidio con alevos\u00eda y premeditaci\u00f3n\u201d .&nbsp; [&hellip;]<\/p>\n","protected":false},"author":4,"featured_media":72996,"comment_status":"open","ping_status":"closed","sticky":false,"template":"","format":"standard","meta":{"om_disable_all_campaigns":false,"_jetpack_memberships_contains_paid_content":false,"footnotes":""},"categories":[50,2,103],"tags":[197,660,33,1010,1009,95,19],"class_list":["post-73108","post","type-post","status-publish","format-standard","has-post-thumbnail","hentry","category-destacadas","category-locales","category-policiales-locales","tag-buenos-aires","tag-femicidio","tag-locales","tag-martillazos","tag-ocho","tag-policiales","tag-san-pedro"],"aioseo_notices":[],"gutentor_comment":0,"jetpack_featured_media_url":"https:\/\/eldiariodesanpedro.com.ar\/sitio\/wp-content\/uploads\/2020\/05\/20200503_180212-scaled.jpg","jetpack_shortlink":"https:\/\/wp.me\/p6RhLt-j1a","jetpack_sharing_enabled":true,"_links":{"self":[{"href":"https:\/\/eldiariodesanpedro.com.ar\/sitio\/wp-json\/wp\/v2\/posts\/73108","targetHints":{"allow":["GET"]}}],"collection":[{"href":"https:\/\/eldiariodesanpedro.com.ar\/sitio\/wp-json\/wp\/v2\/posts"}],"about":[{"href":"https:\/\/eldiariodesanpedro.com.ar\/sitio\/wp-json\/wp\/v2\/types\/post"}],"author":[{"embeddable":true,"href":"https:\/\/eldiariodesanpedro.com.ar\/sitio\/wp-json\/wp\/v2\/users\/4"}],"replies":[{"embeddable":true,"href":"https:\/\/eldiariodesanpedro.com.ar\/sitio\/wp-json\/wp\/v2\/comments?post=73108"}],"version-history":[{"count":1,"href":"https:\/\/eldiariodesanpedro.com.ar\/sitio\/wp-json\/wp\/v2\/posts\/73108\/revisions"}],"predecessor-version":[{"id":73109,"href":"https:\/\/eldiariodesanpedro.com.ar\/sitio\/wp-json\/wp\/v2\/posts\/73108\/revisions\/73109"}],"wp:featuredmedia":[{"embeddable":true,"href":"https:\/\/eldiariodesanpedro.com.ar\/sitio\/wp-json\/wp\/v2\/media\/72996"}],"wp:attachment":[{"href":"https:\/\/eldiariodesanpedro.com.ar\/sitio\/wp-json\/wp\/v2\/media?parent=73108"}],"wp:term":[{"taxonomy":"category","embeddable":true,"href":"https:\/\/eldiariodesanpedro.com.ar\/sitio\/wp-json\/wp\/v2\/categories?post=73108"},{"taxonomy":"post_tag","embeddable":true,"href":"https:\/\/eldiariodesanpedro.com.ar\/sitio\/wp-json\/wp\/v2\/tags?post=73108"}],"curies":[{"name":"wp","href":"https:\/\/api.w.org\/{rel}","templated":true}]}}