{"id":73096,"date":"2020-05-04T19:54:25","date_gmt":"2020-05-04T22:54:25","guid":{"rendered":"https:\/\/eldiariodesanpedro.com.ar\/sitio\/?p=73096"},"modified":"2020-05-04T19:55:20","modified_gmt":"2020-05-04T22:55:20","slug":"suspension-de-atencion-a-osprera","status":"publish","type":"post","link":"https:\/\/eldiariodesanpedro.com.ar\/sitio\/suspension-de-atencion-a-osprera\/","title":{"rendered":"Suspensi\u00f3n de atenci\u00f3n a OSPRERA"},"content":{"rendered":"<!-- VideographyWP Plugin Message: Automatic video embedding prevented by plugin options. -->\n\n<p>El C\u00edrculo M\u00e9dico de San Pedro informa que ante la ausencia de respuestas a los sucesivos reclamos elevados a la gerenciadora de OSPRERA, desde este martes 5 de mayo se interrumpe la atenci\u00f3n m\u00e9dica. Tratando de evitar esta instancia, soportamos retrasos en los pagos de nuestra tarea y d\u00e9bitos arbitrarios e indebidos.<\/p>\n\n\n\n<p>A la fecha OSPRERA adeuda el pago parcial del&nbsp;<strong>DICIEMBRE<\/strong>&nbsp;y todos los meses subsiguientes, lo que convierte a la situaci\u00f3n en insostenible.&nbsp;Hemos agotado todos los recursos y lamentamos profundamente llegar a esta medida para defender nuestro trabajo, digno del mismo respeto que merecemos todo los que hoy transitamos un momento muy dif\u00edcil.&nbsp;<\/p>\n\n\n\n<p><strong>Esperamos una r\u00e1pida respuesta para reanudar con normalidad la atenci\u00f3n a nuestros pacientes.<\/strong><\/p>\n\n\n\n<figure class=\"wp-block-image size-large\"><img decoding=\"async\" width=\"1080\" height=\"1080\" data-attachment-id=\"73100\" data-permalink=\"https:\/\/eldiariodesanpedro.com.ar\/sitio\/suspension-de-atencion-a-osprera\/circulo-osprera\/\" data-orig-file=\"https:\/\/eldiariodesanpedro.com.ar\/sitio\/wp-content\/uploads\/2020\/05\/CIRCULO-OSPRERA.jpg\" data-orig-size=\"1080,1080\" data-comments-opened=\"1\" data-image-meta=\"{&quot;aperture&quot;:&quot;0&quot;,&quot;credit&quot;:&quot;&quot;,&quot;camera&quot;:&quot;&quot;,&quot;caption&quot;:&quot;&quot;,&quot;created_timestamp&quot;:&quot;0&quot;,&quot;copyright&quot;:&quot;&quot;,&quot;focal_length&quot;:&quot;0&quot;,&quot;iso&quot;:&quot;0&quot;,&quot;shutter_speed&quot;:&quot;0&quot;,&quot;title&quot;:&quot;&quot;,&quot;orientation&quot;:&quot;0&quot;}\" data-image-title=\"CIRCULO-OSPRERA\" data-image-description=\"\" data-image-caption=\"\" data-large-file=\"https:\/\/eldiariodesanpedro.com.ar\/sitio\/wp-content\/uploads\/2020\/05\/CIRCULO-OSPRERA-1024x1024.jpg\" data-src=\"https:\/\/i0.wp.com\/eldiariodesanpedro.com.ar\/sitio\/wp-content\/uploads\/2020\/05\/CIRCULO-OSPRERA.jpg?fit=640%2C640\" alt=\"\" class=\"wp-image-73100 lazyload\" data-srcset=\"https:\/\/eldiariodesanpedro.com.ar\/sitio\/wp-content\/uploads\/2020\/05\/CIRCULO-OSPRERA.jpg 1080w, https:\/\/eldiariodesanpedro.com.ar\/sitio\/wp-content\/uploads\/2020\/05\/CIRCULO-OSPRERA-300x300.jpg 300w, https:\/\/eldiariodesanpedro.com.ar\/sitio\/wp-content\/uploads\/2020\/05\/CIRCULO-OSPRERA-1024x1024.jpg 1024w, https:\/\/eldiariodesanpedro.com.ar\/sitio\/wp-content\/uploads\/2020\/05\/CIRCULO-OSPRERA-150x150.jpg 150w, https:\/\/eldiariodesanpedro.com.ar\/sitio\/wp-content\/uploads\/2020\/05\/CIRCULO-OSPRERA-768x768.jpg 768w\" data-sizes=\"(max-width: 1080px) 100vw, 1080px\" src=\"data:image\/svg+xml;base64,PHN2ZyB3aWR0aD0iMSIgaGVpZ2h0PSIxIiB4bWxucz0iaHR0cDovL3d3dy53My5vcmcvMjAwMC9zdmciPjwvc3ZnPg==\" style=\"--smush-placeholder-width: 1080px; --smush-placeholder-aspect-ratio: 1080\/1080;\" \/><\/figure>\n","protected":false},"excerpt":{"rendered":"<p>El C\u00edrculo M\u00e9dico de San Pedro informa que ante la ausencia de respuestas a los sucesivos reclamos elevados a la gerenciadora de OSPRERA, desde este martes 5 de mayo se interrumpe la atenci\u00f3n m\u00e9dica. Tratando de evitar esta instancia, soportamos retrasos en los pagos de nuestra tarea y d\u00e9bitos arbitrarios e indebidos. A la fecha [&hellip;]<\/p>\n","protected":false},"author":4,"featured_media":73097,"comment_status":"open","ping_status":"closed","sticky":false,"template":"","format":"standard","meta":{"om_disable_all_campaigns":false,"_jetpack_memberships_contains_paid_content":false,"footnotes":""},"categories":[101,2],"tags":[197,1000,696,33,1001,19,1002],"class_list":["post-73096","post","type-post","status-publish","format-standard","has-post-thumbnail","hentry","category-interes-general-locales","category-locales","tag-buenos-aires","tag-circulo-medico","tag-interes-general","tag-locales","tag-osprera","tag-san-pedro","tag-suspension"],"aioseo_notices":[],"gutentor_comment":0,"jetpack_featured_media_url":"https:\/\/eldiariodesanpedro.com.ar\/sitio\/wp-content\/uploads\/2020\/05\/unnamed.jpg","jetpack_shortlink":"https:\/\/wp.me\/p6RhLt-j0Y","jetpack_sharing_enabled":true,"_links":{"self":[{"href":"https:\/\/eldiariodesanpedro.com.ar\/sitio\/wp-json\/wp\/v2\/posts\/73096","targetHints":{"allow":["GET"]}}],"collection":[{"href":"https:\/\/eldiariodesanpedro.com.ar\/sitio\/wp-json\/wp\/v2\/posts"}],"about":[{"href":"https:\/\/eldiariodesanpedro.com.ar\/sitio\/wp-json\/wp\/v2\/types\/post"}],"author":[{"embeddable":true,"href":"https:\/\/eldiariodesanpedro.com.ar\/sitio\/wp-json\/wp\/v2\/users\/4"}],"replies":[{"embeddable":true,"href":"https:\/\/eldiariodesanpedro.com.ar\/sitio\/wp-json\/wp\/v2\/comments?post=73096"}],"version-history":[{"count":2,"href":"https:\/\/eldiariodesanpedro.com.ar\/sitio\/wp-json\/wp\/v2\/posts\/73096\/revisions"}],"predecessor-version":[{"id":73101,"href":"https:\/\/eldiariodesanpedro.com.ar\/sitio\/wp-json\/wp\/v2\/posts\/73096\/revisions\/73101"}],"wp:featuredmedia":[{"embeddable":true,"href":"https:\/\/eldiariodesanpedro.com.ar\/sitio\/wp-json\/wp\/v2\/media\/73097"}],"wp:attachment":[{"href":"https:\/\/eldiariodesanpedro.com.ar\/sitio\/wp-json\/wp\/v2\/media?parent=73096"}],"wp:term":[{"taxonomy":"category","embeddable":true,"href":"https:\/\/eldiariodesanpedro.com.ar\/sitio\/wp-json\/wp\/v2\/categories?post=73096"},{"taxonomy":"post_tag","embeddable":true,"href":"https:\/\/eldiariodesanpedro.com.ar\/sitio\/wp-json\/wp\/v2\/tags?post=73096"}],"curies":[{"name":"wp","href":"https:\/\/api.w.org\/{rel}","templated":true}]}}