{"id":73093,"date":"2020-05-04T19:35:54","date_gmt":"2020-05-04T22:35:54","guid":{"rendered":"https:\/\/eldiariodesanpedro.com.ar\/sitio\/?p=73093"},"modified":"2020-05-04T19:49:25","modified_gmt":"2020-05-04T22:49:25","slug":"se-completo-la-carga-de-recibos-de-san-pedro-y-las-localidades","status":"publish","type":"post","link":"https:\/\/eldiariodesanpedro.com.ar\/sitio\/se-completo-la-carga-de-recibos-de-san-pedro-y-las-localidades\/","title":{"rendered":"Se complet\u00f3 la carga de recibos de San Pedro y las localidades"},"content":{"rendered":"<!-- VideographyWP Plugin Message: Automatic video embedding prevented by plugin options. -->\n\n<p>Coopser informa que se han incporado la totalidad de los suministros de San Pedro ciudad y alrededores a la base de datos para gestionar la impresi\u00f3n de las facturas, en los puntos habilitados.&nbsp;<\/p>\n\n\n\n<p><strong>La nueva carga incluye Joaqu\u00edn V. Gonz\u00e1lez y todas las calles paralelas a \u00e9sta en sentido a Buenos Aires hasta Crucero General Belgrano y Monoblock 2.<\/strong><\/p>\n\n\n\n<p>Adem\u00e1s ya se procesaron las facturas de las localidades de&nbsp;<strong>R\u00edo Tala, Doyle Santa Luc\u00eda y Gobernador Castro<\/strong>. Las mismas estar\u00e1n disponibles desde el&nbsp;<strong>mi\u00e9rcoles 6,<\/strong>&nbsp;&nbsp;en la Cooperativa de R\u00edo Tala en sus horarios habituales y en las delegaciones de COOPSER de Gobernador Castro y Santa Luc\u00eda, los d\u00edas<strong>&nbsp;lunes mi\u00e9rcoles y viernes.&nbsp;<\/strong><\/p>\n\n\n\n<p>Quienes completaron el tr\u00e1mite para recibirlas por correo electr\u00f3nico, no deben volver a solicitarlo y la recibir\u00e1n en breve para poder efectuar el pago en alguna de las bocas habilitadas durante este diagrama de emergencia.&nbsp;<\/p>\n\n\n\n<p><strong>Las oficinas para imprimir y retirar el recibo con asistencia de personal de COOPSER son:<br><\/strong><br>Sede Central: Mitre 1200 de 7.15 a 14<br>Oficina del Sector Obras: Honorio Pueyrred\u00f3n de 7.15 a 14<br>Oficina Seguridad: Pellegrini al 1200 de 7 a 20<br>Servicios Sociales de Avenida 3 de Febrero 1475 (Disponible todo el fin de semana)<\/p>\n\n\n\n<p><strong>Los pagos en efectivo pueden realizarse en COOPSER y Centro de Comercio e Industria.<\/strong><\/p>\n\n\n\n<p><strong>Para m\u00e1s informaci\u00f3n comunicarse al 431300 o al 0800-888-7737.<\/strong><\/p>\n","protected":false},"excerpt":{"rendered":"<p>Coopser informa que se han incporado la totalidad de los suministros de San Pedro ciudad y alrededores a la base de datos para gestionar la impresi\u00f3n de las facturas, en los puntos habilitados.&nbsp; La nueva carga incluye Joaqu\u00edn V. Gonz\u00e1lez y todas las calles paralelas a \u00e9sta en sentido a Buenos Aires hasta Crucero General [&hellip;]<\/p>\n","protected":false},"author":4,"featured_media":70638,"comment_status":"open","ping_status":"closed","sticky":false,"template":"","format":"standard","meta":{"om_disable_all_campaigns":false,"_jetpack_memberships_contains_paid_content":false,"footnotes":""},"categories":[101,2],"tags":[],"class_list":["post-73093","post","type-post","status-publish","format-standard","has-post-thumbnail","hentry","category-interes-general-locales","category-locales"],"aioseo_notices":[],"gutentor_comment":0,"jetpack_featured_media_url":"https:\/\/eldiariodesanpedro.com.ar\/sitio\/wp-content\/uploads\/2020\/03\/COOPSER-sede-central.jpg","jetpack_shortlink":"https:\/\/wp.me\/p6RhLt-j0V","jetpack_sharing_enabled":true,"_links":{"self":[{"href":"https:\/\/eldiariodesanpedro.com.ar\/sitio\/wp-json\/wp\/v2\/posts\/73093","targetHints":{"allow":["GET"]}}],"collection":[{"href":"https:\/\/eldiariodesanpedro.com.ar\/sitio\/wp-json\/wp\/v2\/posts"}],"about":[{"href":"https:\/\/eldiariodesanpedro.com.ar\/sitio\/wp-json\/wp\/v2\/types\/post"}],"author":[{"embeddable":true,"href":"https:\/\/eldiariodesanpedro.com.ar\/sitio\/wp-json\/wp\/v2\/users\/4"}],"replies":[{"embeddable":true,"href":"https:\/\/eldiariodesanpedro.com.ar\/sitio\/wp-json\/wp\/v2\/comments?post=73093"}],"version-history":[{"count":1,"href":"https:\/\/eldiariodesanpedro.com.ar\/sitio\/wp-json\/wp\/v2\/posts\/73093\/revisions"}],"predecessor-version":[{"id":73094,"href":"https:\/\/eldiariodesanpedro.com.ar\/sitio\/wp-json\/wp\/v2\/posts\/73093\/revisions\/73094"}],"wp:featuredmedia":[{"embeddable":true,"href":"https:\/\/eldiariodesanpedro.com.ar\/sitio\/wp-json\/wp\/v2\/media\/70638"}],"wp:attachment":[{"href":"https:\/\/eldiariodesanpedro.com.ar\/sitio\/wp-json\/wp\/v2\/media?parent=73093"}],"wp:term":[{"taxonomy":"category","embeddable":true,"href":"https:\/\/eldiariodesanpedro.com.ar\/sitio\/wp-json\/wp\/v2\/categories?post=73093"},{"taxonomy":"post_tag","embeddable":true,"href":"https:\/\/eldiariodesanpedro.com.ar\/sitio\/wp-json\/wp\/v2\/tags?post=73093"}],"curies":[{"name":"wp","href":"https:\/\/api.w.org\/{rel}","templated":true}]}}