{"id":73090,"date":"2020-05-04T18:57:17","date_gmt":"2020-05-04T21:57:17","guid":{"rendered":"https:\/\/eldiariodesanpedro.com.ar\/sitio\/?p=73090"},"modified":"2020-05-04T18:57:21","modified_gmt":"2020-05-04T21:57:21","slug":"el-intendente-recibio-al-ccit-y-el-sindicato-de-empleados-de-comercio-para-analizar-el-pedido-de-una-mayor-apertura-dentro-de-la-cuarentena","status":"publish","type":"post","link":"https:\/\/eldiariodesanpedro.com.ar\/sitio\/el-intendente-recibio-al-ccit-y-el-sindicato-de-empleados-de-comercio-para-analizar-el-pedido-de-una-mayor-apertura-dentro-de-la-cuarentena\/","title":{"rendered":"El Intendente recibi\u00f3 al CCIT y el Sindicato de Empleados de Comercio para analizar el pedido de una mayor apertura dentro de la cuarentena"},"content":{"rendered":"<!-- VideographyWP Plugin Message: Automatic video embedding prevented by plugin options. -->\n\n<p>El Intendente Cecilio Salazar mantuvo este mediod\u00eda una reuni\u00f3n con autoridades del Centro de Comercio y el Sindicato de Empleados de Comercio para analizar la situaci\u00f3n general ante la continuidad de las restricciones para el funcionamiento de gran parte de las actividades comerciales y de servicios, como consecuencia de la cuarentena preventiva por la Pandemia de Covid-19. Participaron Ra\u00fal Cheyllada y Silvia Sp\u00f3sito por el Centro de Comercio Industria y Turismo, Marcelo Mosteiro titular del Sindicato de Empleados de Comercio y el Secretario de Desarrollo Econ\u00f3mico, Alfredo Camilletti.<\/p>\n\n\n\n<p>Tanto el Centro de Comercio como el SEC, compartieron la preocupaci\u00f3n que existe por el impacto de esta situaci\u00f3n en la econom\u00eda y el empleo, y considerando las aperturas que se han ido generando en otras localidades, plantearon la posibilidad de elevar desde San Pedro al Gobierno de la Provincia de Buenos Aires, una solicitud similar, contemplando la apertura de los locales en horario reducido y con atenci\u00f3n controlada.<\/p>\n\n\n\n<p>El Intendente destac\u00f3 que cualquier tipo de nueva excepci\u00f3n deber\u00e1 ajustarse estrictamente con protocolos de seguridad sanitaria, regulaci\u00f3n de horarios y modalidad de atenci\u00f3n al p\u00fablico. En este sentido, el Centro de Comercio asumir\u00eda por su parte la responsabilidad de solicitar a los comerciantes y empresarios el cumplimiento de estas normas y el gremio mercantil destac\u00f3 la necesidad de brindarles a todos los trabajadores los elementos necesarios para cumplir con sus tareas con la protecci\u00f3n correspondiente.<\/p>\n\n\n\n<p>El paso siguiente luego de este encuentro, ser\u00e1 la presentaci\u00f3n de un relevamiento general desde la entidad que nuclea a los comerciantes con el acompa\u00f1amiento del sindicato, para sumar una mayor cantidad de actividades, a las excepciones ya vigentes y a las que fueron solicitadas desde la Municipalidad en los \u00faltimos d\u00edas.<\/p>\n","protected":false},"excerpt":{"rendered":"<p>El Intendente Cecilio Salazar mantuvo este mediod\u00eda una reuni\u00f3n con autoridades del Centro de Comercio y el Sindicato de Empleados de Comercio para analizar la situaci\u00f3n general ante la continuidad de las restricciones para el funcionamiento de gran parte de las actividades comerciales y de servicios, como consecuencia de la cuarentena preventiva por la Pandemia [&hellip;]<\/p>\n","protected":false},"author":4,"featured_media":73091,"comment_status":"open","ping_status":"closed","sticky":false,"template":"","format":"standard","meta":{"om_disable_all_campaigns":false,"_jetpack_memberships_contains_paid_content":false,"footnotes":""},"categories":[101,2],"tags":[],"class_list":["post-73090","post","type-post","status-publish","format-standard","has-post-thumbnail","hentry","category-interes-general-locales","category-locales"],"aioseo_notices":[],"gutentor_comment":0,"jetpack_featured_media_url":"https:\/\/eldiariodesanpedro.com.ar\/sitio\/wp-content\/uploads\/2020\/05\/WhatsApp-Image-2020-05-04-at-17.54.59.jpeg","jetpack_shortlink":"https:\/\/wp.me\/p6RhLt-j0S","jetpack_sharing_enabled":true,"_links":{"self":[{"href":"https:\/\/eldiariodesanpedro.com.ar\/sitio\/wp-json\/wp\/v2\/posts\/73090","targetHints":{"allow":["GET"]}}],"collection":[{"href":"https:\/\/eldiariodesanpedro.com.ar\/sitio\/wp-json\/wp\/v2\/posts"}],"about":[{"href":"https:\/\/eldiariodesanpedro.com.ar\/sitio\/wp-json\/wp\/v2\/types\/post"}],"author":[{"embeddable":true,"href":"https:\/\/eldiariodesanpedro.com.ar\/sitio\/wp-json\/wp\/v2\/users\/4"}],"replies":[{"embeddable":true,"href":"https:\/\/eldiariodesanpedro.com.ar\/sitio\/wp-json\/wp\/v2\/comments?post=73090"}],"version-history":[{"count":1,"href":"https:\/\/eldiariodesanpedro.com.ar\/sitio\/wp-json\/wp\/v2\/posts\/73090\/revisions"}],"predecessor-version":[{"id":73092,"href":"https:\/\/eldiariodesanpedro.com.ar\/sitio\/wp-json\/wp\/v2\/posts\/73090\/revisions\/73092"}],"wp:featuredmedia":[{"embeddable":true,"href":"https:\/\/eldiariodesanpedro.com.ar\/sitio\/wp-json\/wp\/v2\/media\/73091"}],"wp:attachment":[{"href":"https:\/\/eldiariodesanpedro.com.ar\/sitio\/wp-json\/wp\/v2\/media?parent=73090"}],"wp:term":[{"taxonomy":"category","embeddable":true,"href":"https:\/\/eldiariodesanpedro.com.ar\/sitio\/wp-json\/wp\/v2\/categories?post=73090"},{"taxonomy":"post_tag","embeddable":true,"href":"https:\/\/eldiariodesanpedro.com.ar\/sitio\/wp-json\/wp\/v2\/tags?post=73090"}],"curies":[{"name":"wp","href":"https:\/\/api.w.org\/{rel}","templated":true}]}}