{"id":73087,"date":"2020-05-04T13:34:36","date_gmt":"2020-05-04T16:34:36","guid":{"rendered":"https:\/\/eldiariodesanpedro.com.ar\/sitio\/?p=73087"},"modified":"2020-05-04T13:34:39","modified_gmt":"2020-05-04T16:34:39","slug":"baradero-le-baleo-el-perro-lo-denuncio-y-lo-detuvieron","status":"publish","type":"post","link":"https:\/\/eldiariodesanpedro.com.ar\/sitio\/baradero-le-baleo-el-perro-lo-denuncio-y-lo-detuvieron\/","title":{"rendered":"BARADERO | Le bale\u00f3 el perro, lo denunci\u00f3 y lo detuvieron"},"content":{"rendered":"<!-- VideographyWP Plugin Message: Automatic video embedding prevented by plugin options. -->\n\n<p>La Polic\u00eda comunal realiz\u00f3 un allanamiento este s\u00e1bado en una vivienda de Mart\u00edn de Gainza al 3000. Aprehendieron al propietario de la vivienda.<\/p>\n\n\n\n<p>Fue en el marco de una causa por \u201cinfracci\u00f3n a la Ley Sarmiento de protecci\u00f3n de animales\u201d.<\/p>\n\n\n\n<p>Seg\u00fan relat\u00f3 el Tu Radio el subcomisario Fabi\u00e1n Duarte, el viernes en horas de la tarde, una mujer denunci\u00f3 a un vecino que le produjo lesiones a su perro.<\/p>\n\n\n\n<p>El animal fue baleado por lo cual se realiz\u00f3 una diligencia de allanamiento.<\/p>\n\n\n\n<p>Se secuestr\u00f3 una escopeta calibre 12\/70 y 40 municiones mientras que se detuvo al propietario imputado de agredir al can.<\/p>\n\n\n\n<p>Se iniciaron actuaciones por tenencia ilegal de arma de fuego de uso civil.<\/p>\n\n\n\n<p>Fuente: <a href=\"https:\/\/tulineadirecta.com\/le-baleo-el-perro-lo-denuncio-y-lo-detuvieron\/\">Tu Linea Directa<\/a><\/p>\n","protected":false},"excerpt":{"rendered":"<p>La Polic\u00eda comunal realiz\u00f3 un allanamiento este s\u00e1bado en una vivienda de Mart\u00edn de Gainza al 3000. Aprehendieron al propietario de la vivienda. Fue en el marco de una causa por \u201cinfracci\u00f3n a la Ley Sarmiento de protecci\u00f3n de animales\u201d. Seg\u00fan relat\u00f3 el Tu Radio el subcomisario Fabi\u00e1n Duarte, el viernes en horas de la [&hellip;]<\/p>\n","protected":false},"author":4,"featured_media":73088,"comment_status":"open","ping_status":"closed","sticky":false,"template":"","format":"standard","meta":{"om_disable_all_campaigns":false,"_jetpack_memberships_contains_paid_content":false,"footnotes":""},"categories":[621],"tags":[122,997,139,998],"class_list":["post-73087","post","type-post","status-publish","format-standard","has-post-thumbnail","hentry","category-regionales","tag-allanamiento","tag-baleo","tag-baradero","tag-denuncio"],"aioseo_notices":[],"gutentor_comment":0,"jetpack_featured_media_url":"https:\/\/eldiariodesanpedro.com.ar\/sitio\/wp-content\/uploads\/2020\/05\/95339260_2307346982908399_1751788633142067200_n.jpg","jetpack_shortlink":"https:\/\/wp.me\/p6RhLt-j0P","jetpack_sharing_enabled":true,"_links":{"self":[{"href":"https:\/\/eldiariodesanpedro.com.ar\/sitio\/wp-json\/wp\/v2\/posts\/73087","targetHints":{"allow":["GET"]}}],"collection":[{"href":"https:\/\/eldiariodesanpedro.com.ar\/sitio\/wp-json\/wp\/v2\/posts"}],"about":[{"href":"https:\/\/eldiariodesanpedro.com.ar\/sitio\/wp-json\/wp\/v2\/types\/post"}],"author":[{"embeddable":true,"href":"https:\/\/eldiariodesanpedro.com.ar\/sitio\/wp-json\/wp\/v2\/users\/4"}],"replies":[{"embeddable":true,"href":"https:\/\/eldiariodesanpedro.com.ar\/sitio\/wp-json\/wp\/v2\/comments?post=73087"}],"version-history":[{"count":1,"href":"https:\/\/eldiariodesanpedro.com.ar\/sitio\/wp-json\/wp\/v2\/posts\/73087\/revisions"}],"predecessor-version":[{"id":73089,"href":"https:\/\/eldiariodesanpedro.com.ar\/sitio\/wp-json\/wp\/v2\/posts\/73087\/revisions\/73089"}],"wp:featuredmedia":[{"embeddable":true,"href":"https:\/\/eldiariodesanpedro.com.ar\/sitio\/wp-json\/wp\/v2\/media\/73088"}],"wp:attachment":[{"href":"https:\/\/eldiariodesanpedro.com.ar\/sitio\/wp-json\/wp\/v2\/media?parent=73087"}],"wp:term":[{"taxonomy":"category","embeddable":true,"href":"https:\/\/eldiariodesanpedro.com.ar\/sitio\/wp-json\/wp\/v2\/categories?post=73087"},{"taxonomy":"post_tag","embeddable":true,"href":"https:\/\/eldiariodesanpedro.com.ar\/sitio\/wp-json\/wp\/v2\/tags?post=73087"}],"curies":[{"name":"wp","href":"https:\/\/api.w.org\/{rel}","templated":true}]}}