{"id":7308,"date":"2016-08-19T19:18:39","date_gmt":"2016-08-19T22:18:39","guid":{"rendered":"https:\/\/eldiariodesanpedro.com.ar\/sitio\/?p=7308"},"modified":"2016-08-19T19:18:50","modified_gmt":"2016-08-19T22:18:50","slug":"se-desarrollara-manana-una-jornada-sobre-especies-nativas","status":"publish","type":"post","link":"https:\/\/eldiariodesanpedro.com.ar\/sitio\/se-desarrollara-manana-una-jornada-sobre-especies-nativas\/","title":{"rendered":"Se desarrollar\u00e1 ma\u00f1ana una jornada sobre especies nativas"},"content":{"rendered":"<p><!-- VideographyWP Plugin Message: Automatic video embedding prevented by plugin options. --><br \/>\nLa jornada se realiza ma\u00f1ana de 9.00 a 17.00 en el vivero \u201cCultivo San Pedro\u201d, localizado en Mateo Sbert 2870 (Esquina Lucio Mansilla). La misma tiene como objetivo capacitar a los participantes sobre dise\u00f1o y uso de plantas nativas con la participaci\u00f3n del especialista en Gesti\u00f3n Ambiental Gabriel Burgue\u00f1o. Est\u00e1 dirigida al consumidor final, estudiantes, paisajistas y Municipios; y apuesta al intercambio y la valorizaci\u00f3n de estas especies.<br \/>\n\u201cEl valor diferencial de las nativas es la gran adaptabilidad a nuestro suelo, de modo que forestando con estas especies no habr\u00eda pr\u00e1cticamente p\u00e9rdida de ejemplares\u201d, afirma Liliana Adrover, quien preocupada por el ambiente y el calentamiento global reconoce que \u201cal forestar estamos ayudando a mitigar el cambio clim\u00e1tico\u201d. Convencida de los beneficios de estas plantas, se acerc\u00f3 al INTA para compartir su iniciativa. La idea nace de una inquietud personal que la atraviesa en su historia. \u201cLas plantas son mi vida, las tengo arraigadas\u201d, expresa Adrover mientras avanza en su propuesta de ofrecer un espacio de encuentro sobre el dise\u00f1o y el uso de plantas nativas, que contar\u00e1 con la participaci\u00f3n del reconocido especialista en Gesti\u00f3n Ambiental de la Municipalidad de Moreno, Gabriel Burgue\u00f1o.<br \/>\nTambi\u00e9n habr\u00e1 espacio para un taller de dise\u00f1o que brindar\u00e1 la misma Adrover como paisajista, donde adem\u00e1s podr\u00e1n trabajar sobre la propagaci\u00f3n de nativas tanto herb\u00e1ceas, como arbustivas y forestales. Finalmente se propone una visita a la reserva natural de Vuelta de Obligado para reconocimiento de especies. \u201cCreo que nuestra flora ha sido desprestigiada. La idea es que los interesados se sumen, multiplicando sus conocimientos sobre \u00e9sta y sus beneficios\u201d, opina Adrover quien comparte sus expectativas sobre la jornada como espacio de intercambio para enriquecer conocimientos, y despejar dudas sobre la forestaci\u00f3n de espacios verdes, entre otros.<\/p>\n<p>El programa<br \/>\n9.00 Espacio de encuentro y conversaciones. Mesa de bibliograf\u00eda disponible.<br \/>\n10.00 Disertaci\u00f3n Dr. en Ambiente Gabriel Burgue\u00f1o (Municipalidad de Moreno) \u201cTaller de uso de especies nativas en espacios verdes p\u00fablicos y privados\u201d<br \/>\n13.00 Almuerzo<br \/>\n13.45 Taller \u201cDise\u00f1o con plantas nativas\u201d, por paisajista Liliana Adrover. Propagaci\u00f3n de nativas (herb\u00e1ceas, arbustivas y forestales)<br \/>\n15.00 Traslado a la reserva natural Vuelta de Obligado para reconocimiento de Especies Nativas &#8211; Opcional<br \/>\n17.00 Fin de la jornada<\/p>\n","protected":false},"excerpt":{"rendered":"<p>La jornada se realiza ma\u00f1ana de 9.00 a 17.00 en el vivero \u201cCultivo San Pedro\u201d, localizado en Mateo Sbert 2870 (Esquina Lucio Mansilla). La misma tiene como objetivo capacitar a los participantes sobre dise\u00f1o y uso de plantas nativas con la participaci\u00f3n del especialista en Gesti\u00f3n Ambiental Gabriel Burgue\u00f1o. Est\u00e1 dirigida al consumidor final, estudiantes, [&hellip;]<\/p>\n","protected":false},"author":4,"featured_media":7309,"comment_status":"open","ping_status":"closed","sticky":false,"template":"","format":"standard","meta":{"om_disable_all_campaigns":false,"_jetpack_memberships_contains_paid_content":false,"footnotes":""},"categories":[101,2],"tags":[],"class_list":["post-7308","post","type-post","status-publish","format-standard","has-post-thumbnail","hentry","category-interes-general-locales","category-locales"],"aioseo_notices":[],"gutentor_comment":0,"jetpack_featured_media_url":"https:\/\/eldiariodesanpedro.com.ar\/sitio\/wp-content\/uploads\/2016\/08\/HD.jpg","jetpack_shortlink":"https:\/\/wp.me\/p6RhLt-1TS","jetpack_sharing_enabled":true,"_links":{"self":[{"href":"https:\/\/eldiariodesanpedro.com.ar\/sitio\/wp-json\/wp\/v2\/posts\/7308","targetHints":{"allow":["GET"]}}],"collection":[{"href":"https:\/\/eldiariodesanpedro.com.ar\/sitio\/wp-json\/wp\/v2\/posts"}],"about":[{"href":"https:\/\/eldiariodesanpedro.com.ar\/sitio\/wp-json\/wp\/v2\/types\/post"}],"author":[{"embeddable":true,"href":"https:\/\/eldiariodesanpedro.com.ar\/sitio\/wp-json\/wp\/v2\/users\/4"}],"replies":[{"embeddable":true,"href":"https:\/\/eldiariodesanpedro.com.ar\/sitio\/wp-json\/wp\/v2\/comments?post=7308"}],"version-history":[{"count":2,"href":"https:\/\/eldiariodesanpedro.com.ar\/sitio\/wp-json\/wp\/v2\/posts\/7308\/revisions"}],"predecessor-version":[{"id":7311,"href":"https:\/\/eldiariodesanpedro.com.ar\/sitio\/wp-json\/wp\/v2\/posts\/7308\/revisions\/7311"}],"wp:featuredmedia":[{"embeddable":true,"href":"https:\/\/eldiariodesanpedro.com.ar\/sitio\/wp-json\/wp\/v2\/media\/7309"}],"wp:attachment":[{"href":"https:\/\/eldiariodesanpedro.com.ar\/sitio\/wp-json\/wp\/v2\/media?parent=7308"}],"wp:term":[{"taxonomy":"category","embeddable":true,"href":"https:\/\/eldiariodesanpedro.com.ar\/sitio\/wp-json\/wp\/v2\/categories?post=7308"},{"taxonomy":"post_tag","embeddable":true,"href":"https:\/\/eldiariodesanpedro.com.ar\/sitio\/wp-json\/wp\/v2\/tags?post=7308"}],"curies":[{"name":"wp","href":"https:\/\/api.w.org\/{rel}","templated":true}]}}