{"id":7305,"date":"2016-08-19T19:16:07","date_gmt":"2016-08-19T22:16:07","guid":{"rendered":"https:\/\/eldiariodesanpedro.com.ar\/sitio\/?p=7305"},"modified":"2016-08-19T19:16:07","modified_gmt":"2016-08-19T22:16:07","slug":"abren-inscripcion-para-incorporarse-a-prefectura-naval-argentina","status":"publish","type":"post","link":"https:\/\/eldiariodesanpedro.com.ar\/sitio\/abren-inscripcion-para-incorporarse-a-prefectura-naval-argentina\/","title":{"rendered":"Abren inscripci\u00f3n para incorporarse a Prefectura Naval Argentina"},"content":{"rendered":"<p><!-- VideographyWP Plugin Message: Automatic video embedding prevented by plugin options. --><br \/>\nLa Prefectura Naval Argentina inform\u00f3 que se encuentra abierta la inscripci\u00f3n online a trav\u00e9s de la p\u00e1gina de la instituci\u00f3n, www.prefecturanaval.gov.ar, hasta el 18 de noviembre del corriente a\u00f1o.<br \/>\nLos interesados en ingresar a cursar en la fuerza, deber\u00e1n ser argentinos nativos o por opci\u00f3n, de ambos sexos, y aquellos que hayan optado por la nacionalidad, deber\u00e1n tener los tr\u00e1mites concluidos al momento de la inscripci\u00f3n.<br \/>\nTener entre 17 y 25 a\u00f1os cumplidos al 31 de diciembre del a\u00f1o de la incorporaci\u00f3n y poseer estudios de Nivel Secundario completo y aprobado.<br \/>\nNo deber\u00e1n haber sido dados de baja por mala conducta o falta de aptitud militar o policial en cualquiera de los instituciones de formaci\u00f3n de las Fuerzas Armadas, fuerzas de seguridad o policial, y reunir las condiciones f\u00edsicas y psicof\u00edsicas establecidas en el reglamento de la Prefectura Naval Argentina.<br \/>\nLa documentaci\u00f3n a presentar, los programas de ex\u00e1menes y las condiciones de ingreso se encuentran en la p\u00e1gina web.<br \/>\nPor mayor informaci\u00f3n los interesados tambi\u00e9n podr\u00e1n dirigirse a la sede local en 25 de Mayo 268.<\/p>\n","protected":false},"excerpt":{"rendered":"<p>La Prefectura Naval Argentina inform\u00f3 que se encuentra abierta la inscripci\u00f3n online a trav\u00e9s de la p\u00e1gina de la instituci\u00f3n, www.prefecturanaval.gov.ar, hasta el 18 de noviembre del corriente a\u00f1o. Los interesados en ingresar a cursar en la fuerza, deber\u00e1n ser argentinos nativos o por opci\u00f3n, de ambos sexos, y aquellos que hayan optado por la [&hellip;]<\/p>\n","protected":false},"author":4,"featured_media":7306,"comment_status":"open","ping_status":"closed","sticky":false,"template":"","format":"standard","meta":{"om_disable_all_campaigns":false,"_jetpack_memberships_contains_paid_content":false,"footnotes":""},"categories":[101,2],"tags":[],"class_list":["post-7305","post","type-post","status-publish","format-standard","has-post-thumbnail","hentry","category-interes-general-locales","category-locales"],"aioseo_notices":[],"gutentor_comment":0,"jetpack_featured_media_url":"https:\/\/eldiariodesanpedro.com.ar\/sitio\/wp-content\/uploads\/2016\/08\/PAGINA-6-8.jpg","jetpack_shortlink":"https:\/\/wp.me\/p6RhLt-1TP","jetpack_sharing_enabled":true,"_links":{"self":[{"href":"https:\/\/eldiariodesanpedro.com.ar\/sitio\/wp-json\/wp\/v2\/posts\/7305","targetHints":{"allow":["GET"]}}],"collection":[{"href":"https:\/\/eldiariodesanpedro.com.ar\/sitio\/wp-json\/wp\/v2\/posts"}],"about":[{"href":"https:\/\/eldiariodesanpedro.com.ar\/sitio\/wp-json\/wp\/v2\/types\/post"}],"author":[{"embeddable":true,"href":"https:\/\/eldiariodesanpedro.com.ar\/sitio\/wp-json\/wp\/v2\/users\/4"}],"replies":[{"embeddable":true,"href":"https:\/\/eldiariodesanpedro.com.ar\/sitio\/wp-json\/wp\/v2\/comments?post=7305"}],"version-history":[{"count":1,"href":"https:\/\/eldiariodesanpedro.com.ar\/sitio\/wp-json\/wp\/v2\/posts\/7305\/revisions"}],"predecessor-version":[{"id":7307,"href":"https:\/\/eldiariodesanpedro.com.ar\/sitio\/wp-json\/wp\/v2\/posts\/7305\/revisions\/7307"}],"wp:featuredmedia":[{"embeddable":true,"href":"https:\/\/eldiariodesanpedro.com.ar\/sitio\/wp-json\/wp\/v2\/media\/7306"}],"wp:attachment":[{"href":"https:\/\/eldiariodesanpedro.com.ar\/sitio\/wp-json\/wp\/v2\/media?parent=7305"}],"wp:term":[{"taxonomy":"category","embeddable":true,"href":"https:\/\/eldiariodesanpedro.com.ar\/sitio\/wp-json\/wp\/v2\/categories?post=7305"},{"taxonomy":"post_tag","embeddable":true,"href":"https:\/\/eldiariodesanpedro.com.ar\/sitio\/wp-json\/wp\/v2\/tags?post=7305"}],"curies":[{"name":"wp","href":"https:\/\/api.w.org\/{rel}","templated":true}]}}