{"id":73044,"date":"2020-05-04T11:08:46","date_gmt":"2020-05-04T14:08:46","guid":{"rendered":"https:\/\/eldiariodesanpedro.com.ar\/sitio\/?p=73044"},"modified":"2020-05-04T12:08:59","modified_gmt":"2020-05-04T15:08:59","slug":"la-fiscal-ramos-cree-que-es-inminente-la-detencion-del-femicida","status":"publish","type":"post","link":"https:\/\/eldiariodesanpedro.com.ar\/sitio\/la-fiscal-ramos-cree-que-es-inminente-la-detencion-del-femicida\/","title":{"rendered":"La fiscal Ramos cree que es inminente la detenci\u00f3n del femicida"},"content":{"rendered":"<!-- VideographyWP Plugin Message: Automatic video embedding prevented by plugin options. -->\n\n<p>La doctora Viviana Ramos titular de la UFI N\u00ba 11 es quien dirige la investigaci\u00f3n del femicidio de Maria Esperanza Fernandez quien fue encontrada sin vida por su hija este domingo pasadas las 15:30 hs.<\/p>\n\n\n\n<p>Seg\u00fan declaro la Doctora Ramos hasta el momento la investigaci\u00f3n y las pericias realizadas en el lugar estar\u00edan dando un horario de data de muerte de alrededor de 8 horas del momento del hallazgos del cuerpo, por lo que podr\u00eda haber ocurrido en las primeras horas de la ma\u00f1ana del domingo.<\/p>\n\n\n\n<p>Ramos: \u00abDurante la noche de domingo y madrugada de lunes se realizaron varios allanamientos de urgencias para dar con el paradero del pr\u00f3fugo,  que hasta el momento con resultados negativos\u00bb.<\/p>\n\n\n\n<p>\u00abTeniendo en cuenta la situaci\u00f3n en la que nos encontramos de cuarentena y datos que manejamos creemos que es inminente la entrega de esta persona\u00bb.<\/p>\n\n\n\n<p> \u00abAl momento de ser capturado autom\u00e1ticamente a esta persona se le imputara la causa de femicidio, osea un homicidio calificado agravado por el vinculo, lo que le corresponder\u00eda pena de reclusi\u00f3n perpetua\u00bb.<\/p>\n\n\n\n<p>En la ma\u00f1ana de este lunes se realizara la autopsia al cuerpo de la victima para concretar mayores detalles del hecho, para de esta manera tener mayores precisiones de ademas de los dos golpes letales que recibi\u00f3 en la cabeza con un martillo se encuentran otras lesiones en el resto del cuerpo.<\/p>\n","protected":false},"excerpt":{"rendered":"<p>La doctora Viviana Ramos titular de la UFI N\u00ba 11 es quien dirige la investigaci\u00f3n del femicidio de Maria Esperanza Fernandez quien fue encontrada sin vida por su hija este domingo pasadas las 15:30 hs. Seg\u00fan declaro la Doctora Ramos hasta el momento la investigaci\u00f3n y las pericias realizadas en el lugar estar\u00edan dando un [&hellip;]<\/p>\n","protected":false},"author":4,"featured_media":73048,"comment_status":"open","ping_status":"closed","sticky":false,"template":"","format":"standard","meta":{"om_disable_all_campaigns":false,"_jetpack_memberships_contains_paid_content":false,"footnotes":""},"categories":[50,101,2],"tags":[660,990,33,95],"class_list":["post-73044","post","type-post","status-publish","format-standard","has-post-thumbnail","hentry","category-destacadas","category-interes-general-locales","category-locales","tag-femicidio","tag-fiscal","tag-locales","tag-policiales"],"aioseo_notices":[],"gutentor_comment":0,"jetpack_featured_media_url":"https:\/\/eldiariodesanpedro.com.ar\/sitio\/wp-content\/uploads\/2020\/05\/000078874.jpg_634809101.jpeg","jetpack_shortlink":"https:\/\/wp.me\/p6RhLt-j08","jetpack_sharing_enabled":true,"_links":{"self":[{"href":"https:\/\/eldiariodesanpedro.com.ar\/sitio\/wp-json\/wp\/v2\/posts\/73044","targetHints":{"allow":["GET"]}}],"collection":[{"href":"https:\/\/eldiariodesanpedro.com.ar\/sitio\/wp-json\/wp\/v2\/posts"}],"about":[{"href":"https:\/\/eldiariodesanpedro.com.ar\/sitio\/wp-json\/wp\/v2\/types\/post"}],"author":[{"embeddable":true,"href":"https:\/\/eldiariodesanpedro.com.ar\/sitio\/wp-json\/wp\/v2\/users\/4"}],"replies":[{"embeddable":true,"href":"https:\/\/eldiariodesanpedro.com.ar\/sitio\/wp-json\/wp\/v2\/comments?post=73044"}],"version-history":[{"count":1,"href":"https:\/\/eldiariodesanpedro.com.ar\/sitio\/wp-json\/wp\/v2\/posts\/73044\/revisions"}],"predecessor-version":[{"id":73046,"href":"https:\/\/eldiariodesanpedro.com.ar\/sitio\/wp-json\/wp\/v2\/posts\/73044\/revisions\/73046"}],"wp:featuredmedia":[{"embeddable":true,"href":"https:\/\/eldiariodesanpedro.com.ar\/sitio\/wp-json\/wp\/v2\/media\/73048"}],"wp:attachment":[{"href":"https:\/\/eldiariodesanpedro.com.ar\/sitio\/wp-json\/wp\/v2\/media?parent=73044"}],"wp:term":[{"taxonomy":"category","embeddable":true,"href":"https:\/\/eldiariodesanpedro.com.ar\/sitio\/wp-json\/wp\/v2\/categories?post=73044"},{"taxonomy":"post_tag","embeddable":true,"href":"https:\/\/eldiariodesanpedro.com.ar\/sitio\/wp-json\/wp\/v2\/tags?post=73044"}],"curies":[{"name":"wp","href":"https:\/\/api.w.org\/{rel}","templated":true}]}}