{"id":73037,"date":"2020-05-04T10:36:56","date_gmt":"2020-05-04T13:36:56","guid":{"rendered":"https:\/\/eldiariodesanpedro.com.ar\/sitio\/?p=73037"},"modified":"2020-05-04T13:18:20","modified_gmt":"2020-05-04T16:18:20","slug":"la-mato-a-mi-hermana-por-otro-hecho-que-ocurrio-dentro-de-la-familia","status":"publish","type":"post","link":"https:\/\/eldiariodesanpedro.com.ar\/sitio\/la-mato-a-mi-hermana-por-otro-hecho-que-ocurrio-dentro-de-la-familia\/","title":{"rendered":"\u00abLa mato a mi hermana por otro hecho que ocurri\u00f3 dentro de la familia\u00bb"},"content":{"rendered":"<!-- VideographyWP Plugin Message: Automatic video embedding prevented by plugin options. -->\n\n<p>Jose Luis el hermano de la victima del triste episodios ocurrido este domingo realizo una nota con los colegas de \u00abEquipo de Radio\u00bb  que se emite por La Radio 92.3 donde pudimos comprender en mayor profundidad como funcionaba la familia de Maria Esperanza Fernandez de 43 a\u00f1os de edad.<\/p>\n\n\n\n<p>La mujer victima del femicidio era una ama de casa con 5 hijos, de los cuales 4 pertenec\u00edan a Roberto Ramon  Romero quien se desempa\u00f1aba laboralmente como empleado de un vivero de la zona. La pareja conviv\u00eda desde hace 18 a\u00f1os atr\u00e1s.  <\/p>\n\n\n\n<p>Seg\u00fan comento Jose Luis el hermano de Esperanza \u00abLa pareja no hab\u00eda tenido denuncias ni situaciones de violencia de genero anteriores, pero si como ocurre en muchas parejas hab\u00eda discusiones\u00bb.<\/p>\n\n\n\n<p>\u00abEn los \u00faltimos tiempos mi hermana y su marido tenias discusiones por una situaci\u00f3n muy grave que ocurri\u00f3 dentro de la familia, con problemas con su hijastra, lo que seria el detonante de este final\u00bb.<\/p>\n\n\n\n<p>\u00abSeguimos sin entender por que hizo lo que hizo, a pesar de los problemas que ten\u00edan\u00bb.<\/p>\n\n\n\n<p>\u00abYo despu\u00e9s que hicieron las pericias entre a la casa y pude ver que en la cama estaba llena de sangre, as\u00ed que seguro que la mato mientras ella dorm\u00eda\u00bb.<\/p>\n\n\n\n<p>\u00abDespu\u00e9s de que la encontraron a ella mi mam\u00e1 recibi\u00f3 un v\u00eddeo de este asesino que dec\u00eda un mont\u00f3n de cosas sobre mi sobrina y que se iba a entregar en San Nicol\u00e1s\u00bb.<\/p>\n\n\n\n<p>\u00abLo \u00fanico que queremos es justicia que este asesino se entrega y que quede preso, nosotros no queremos hacer justicia propia queremos que la polic\u00eda actu\u00e9 y que lo encuentren\u00bb.<\/p>\n","protected":false},"excerpt":{"rendered":"<p>Jose Luis el hermano de la victima del triste episodios ocurrido este domingo realizo una nota con los colegas de \u00abEquipo de Radio\u00bb que se emite por La Radio 92.3 donde pudimos comprender en mayor profundidad como funcionaba la familia de Maria Esperanza Fernandez de 43 a\u00f1os de edad. La mujer victima del femicidio era [&hellip;]<\/p>\n","protected":false},"author":4,"featured_media":73041,"comment_status":"open","ping_status":"closed","sticky":false,"template":"","format":"standard","meta":{"om_disable_all_campaigns":false,"_jetpack_memberships_contains_paid_content":false,"footnotes":""},"categories":[50,2,103],"tags":[197,660,33,95,19],"class_list":["post-73037","post","type-post","status-publish","format-standard","has-post-thumbnail","hentry","category-destacadas","category-locales","category-policiales-locales","tag-buenos-aires","tag-femicidio","tag-locales","tag-policiales","tag-san-pedro"],"aioseo_notices":[],"gutentor_comment":1,"jetpack_featured_media_url":"https:\/\/eldiariodesanpedro.com.ar\/sitio\/wp-content\/uploads\/2020\/05\/Sin-t\u00edtulo-1-1.jpg","jetpack_shortlink":"https:\/\/wp.me\/p6RhLt-j01","jetpack_sharing_enabled":true,"_links":{"self":[{"href":"https:\/\/eldiariodesanpedro.com.ar\/sitio\/wp-json\/wp\/v2\/posts\/73037","targetHints":{"allow":["GET"]}}],"collection":[{"href":"https:\/\/eldiariodesanpedro.com.ar\/sitio\/wp-json\/wp\/v2\/posts"}],"about":[{"href":"https:\/\/eldiariodesanpedro.com.ar\/sitio\/wp-json\/wp\/v2\/types\/post"}],"author":[{"embeddable":true,"href":"https:\/\/eldiariodesanpedro.com.ar\/sitio\/wp-json\/wp\/v2\/users\/4"}],"replies":[{"embeddable":true,"href":"https:\/\/eldiariodesanpedro.com.ar\/sitio\/wp-json\/wp\/v2\/comments?post=73037"}],"version-history":[{"count":5,"href":"https:\/\/eldiariodesanpedro.com.ar\/sitio\/wp-json\/wp\/v2\/posts\/73037\/revisions"}],"predecessor-version":[{"id":73079,"href":"https:\/\/eldiariodesanpedro.com.ar\/sitio\/wp-json\/wp\/v2\/posts\/73037\/revisions\/73079"}],"wp:featuredmedia":[{"embeddable":true,"href":"https:\/\/eldiariodesanpedro.com.ar\/sitio\/wp-json\/wp\/v2\/media\/73041"}],"wp:attachment":[{"href":"https:\/\/eldiariodesanpedro.com.ar\/sitio\/wp-json\/wp\/v2\/media?parent=73037"}],"wp:term":[{"taxonomy":"category","embeddable":true,"href":"https:\/\/eldiariodesanpedro.com.ar\/sitio\/wp-json\/wp\/v2\/categories?post=73037"},{"taxonomy":"post_tag","embeddable":true,"href":"https:\/\/eldiariodesanpedro.com.ar\/sitio\/wp-json\/wp\/v2\/tags?post=73037"}],"curies":[{"name":"wp","href":"https:\/\/api.w.org\/{rel}","templated":true}]}}