{"id":73033,"date":"2020-05-04T09:34:51","date_gmt":"2020-05-04T12:34:51","guid":{"rendered":"https:\/\/eldiariodesanpedro.com.ar\/sitio\/?p=73033"},"modified":"2020-05-04T09:35:09","modified_gmt":"2020-05-04T12:35:09","slug":"sigue-sin-aparecer-el-femicidia-roberto-ramon-romero","status":"publish","type":"post","link":"https:\/\/eldiariodesanpedro.com.ar\/sitio\/sigue-sin-aparecer-el-femicidia-roberto-ramon-romero\/","title":{"rendered":"Sigue sin aparecer el femicida Roberto Ram\u00f3n Romero"},"content":{"rendered":"<!-- VideographyWP Plugin Message: Automatic video embedding prevented by plugin options. -->\n\n<p>Tras la tr\u00e1gica noticia ocurrida este domingo del asesinato de Maria Esperanza Fernandez  se continua con la b\u00fasqueda del principal imputado Roberto Ram\u00f3n Romero quien se dio a la fuga tras el hecho en su bicicleta.<\/p>\n\n\n\n<p>Polic\u00edas de la DDI San Pedro- Baradero, Gabinete Criminol\u00f3gico de la Comisar\u00eda San Pedro y Jefatura Comunal, se encuentran trabajando en la b\u00fasqueda del hombre y hasta la propia familia del acusado, colabor\u00f3 con los funcionarios para rastrear distintos sectores, pero hasta las \u00faltimas horas del domingo los resultados arrojaron resultados negativos.<\/p>\n\n\n\n<p>Se estima que Romero, tras discutir con Fern\u00e1ndez el s\u00e1bado por la tarde, volvi\u00f3 al rato y le asest\u00f3 a la mujer dos martillazos en la frente que le ocasionaron la muerte en el instante. El sospechoso se habr\u00eda alejado del lugar en bicicleta sin que nadie advierta lo que hab\u00eda sucedido, y lo llamativo es que tampoco concurri\u00f3 a los lugares adonde sab\u00eda frecuentar.<\/p>\n\n\n\n<p>El matrimonio tiene cinco hijos y los dos menores de la familia justo esa noche hab\u00edan dormido en la casa de una hermana mayor.<\/p>\n\n\n\n<p>Al d\u00eda siguiente cuando una de las hijas regres\u00f3 al domicilio se encontr\u00f3 con la inexplicable escena, con Fern\u00e1ndez tirada en el piso ya sin vida, envuelta con una frazada y con dos golpes contundentes &nbsp;en la cabeza.<\/p>\n\n\n\n<p>Se entiende que Romero no deber\u00eda estar muy lejos ya que no se llev\u00f3 pertenencias ni dinero suficientes como para subsistir, y son muy pocas las personas que tendr\u00e1n voluntad de \u201caguantarlo\u201d cuando ya es de p\u00fablico conocimiento el episodio que protagoniz\u00f3.<\/p>\n\n\n\n<p>Lo sucedido dej\u00f3 conmocionado al barrio El Amanecer y no solo por el hecho en s\u00ed sino porque se trata de una familia tradicional en esa zona, a la que no se le conoc\u00edan episodios violentos y de los que gamas se hubiera esperado un final as\u00ed. \u00a0\u00a0\u00a0<\/p>\n\n\n\n<figure class=\"wp-block-image size-large\"><img decoding=\"async\" width=\"667\" height=\"1024\" data-attachment-id=\"73028\" data-permalink=\"https:\/\/eldiariodesanpedro.com.ar\/sitio\/femicidio-una-mujer-de-43-anos-fue-asesinada-por-su-pareja-con-dos-golpes-en-la-cabeza\/95512473_3114698921960705_6414944646291521536_o\/\" data-orig-file=\"https:\/\/eldiariodesanpedro.com.ar\/sitio\/wp-content\/uploads\/2020\/05\/95512473_3114698921960705_6414944646291521536_o.jpg\" data-orig-size=\"720,1106\" data-comments-opened=\"1\" data-image-meta=\"{&quot;aperture&quot;:&quot;0&quot;,&quot;credit&quot;:&quot;&quot;,&quot;camera&quot;:&quot;&quot;,&quot;caption&quot;:&quot;&quot;,&quot;created_timestamp&quot;:&quot;0&quot;,&quot;copyright&quot;:&quot;&quot;,&quot;focal_length&quot;:&quot;0&quot;,&quot;iso&quot;:&quot;0&quot;,&quot;shutter_speed&quot;:&quot;0&quot;,&quot;title&quot;:&quot;&quot;,&quot;orientation&quot;:&quot;0&quot;}\" data-image-title=\"95512473_3114698921960705_6414944646291521536_o\" data-image-description=\"\" data-image-caption=\"\" data-large-file=\"https:\/\/eldiariodesanpedro.com.ar\/sitio\/wp-content\/uploads\/2020\/05\/95512473_3114698921960705_6414944646291521536_o-667x1024.jpg\" data-src=\"https:\/\/eldiariodesanpedro.com.ar\/sitio\/wp-content\/uploads\/2020\/05\/95512473_3114698921960705_6414944646291521536_o-667x1024.jpg\" alt=\"\" class=\"wp-image-73028 lazyload\" data-srcset=\"https:\/\/eldiariodesanpedro.com.ar\/sitio\/wp-content\/uploads\/2020\/05\/95512473_3114698921960705_6414944646291521536_o-667x1024.jpg 667w, https:\/\/eldiariodesanpedro.com.ar\/sitio\/wp-content\/uploads\/2020\/05\/95512473_3114698921960705_6414944646291521536_o-195x300.jpg 195w, https:\/\/eldiariodesanpedro.com.ar\/sitio\/wp-content\/uploads\/2020\/05\/95512473_3114698921960705_6414944646291521536_o.jpg 720w\" data-sizes=\"(max-width: 667px) 100vw, 667px\" src=\"data:image\/svg+xml;base64,PHN2ZyB3aWR0aD0iMSIgaGVpZ2h0PSIxIiB4bWxucz0iaHR0cDovL3d3dy53My5vcmcvMjAwMC9zdmciPjwvc3ZnPg==\" style=\"--smush-placeholder-width: 667px; --smush-placeholder-aspect-ratio: 667\/1024;\" \/><\/figure>\n","protected":false},"excerpt":{"rendered":"<p>Tras la tr\u00e1gica noticia ocurrida este domingo del asesinato de Maria Esperanza Fernandez se continua con la b\u00fasqueda del principal imputado Roberto Ram\u00f3n Romero quien se dio a la fuga tras el hecho en su bicicleta. Polic\u00edas de la DDI San Pedro- Baradero, Gabinete Criminol\u00f3gico de la Comisar\u00eda San Pedro y Jefatura Comunal, se encuentran [&hellip;]<\/p>\n","protected":false},"author":4,"featured_media":73034,"comment_status":"open","ping_status":"closed","sticky":false,"template":"","format":"standard","meta":{"om_disable_all_campaigns":false,"_jetpack_memberships_contains_paid_content":false,"footnotes":""},"categories":[50,2,103],"tags":[197,660,95,19],"class_list":["post-73033","post","type-post","status-publish","format-standard","has-post-thumbnail","hentry","category-destacadas","category-locales","category-policiales-locales","tag-buenos-aires","tag-femicidio","tag-policiales","tag-san-pedro"],"aioseo_notices":[],"gutentor_comment":0,"jetpack_featured_media_url":"https:\/\/eldiariodesanpedro.com.ar\/sitio\/wp-content\/uploads\/2020\/05\/Sin-t\u00edtulo-1.jpg","jetpack_shortlink":"https:\/\/wp.me\/p6RhLt-iZX","jetpack_sharing_enabled":true,"_links":{"self":[{"href":"https:\/\/eldiariodesanpedro.com.ar\/sitio\/wp-json\/wp\/v2\/posts\/73033","targetHints":{"allow":["GET"]}}],"collection":[{"href":"https:\/\/eldiariodesanpedro.com.ar\/sitio\/wp-json\/wp\/v2\/posts"}],"about":[{"href":"https:\/\/eldiariodesanpedro.com.ar\/sitio\/wp-json\/wp\/v2\/types\/post"}],"author":[{"embeddable":true,"href":"https:\/\/eldiariodesanpedro.com.ar\/sitio\/wp-json\/wp\/v2\/users\/4"}],"replies":[{"embeddable":true,"href":"https:\/\/eldiariodesanpedro.com.ar\/sitio\/wp-json\/wp\/v2\/comments?post=73033"}],"version-history":[{"count":2,"href":"https:\/\/eldiariodesanpedro.com.ar\/sitio\/wp-json\/wp\/v2\/posts\/73033\/revisions"}],"predecessor-version":[{"id":73036,"href":"https:\/\/eldiariodesanpedro.com.ar\/sitio\/wp-json\/wp\/v2\/posts\/73033\/revisions\/73036"}],"wp:featuredmedia":[{"embeddable":true,"href":"https:\/\/eldiariodesanpedro.com.ar\/sitio\/wp-json\/wp\/v2\/media\/73034"}],"wp:attachment":[{"href":"https:\/\/eldiariodesanpedro.com.ar\/sitio\/wp-json\/wp\/v2\/media?parent=73033"}],"wp:term":[{"taxonomy":"category","embeddable":true,"href":"https:\/\/eldiariodesanpedro.com.ar\/sitio\/wp-json\/wp\/v2\/categories?post=73033"},{"taxonomy":"post_tag","embeddable":true,"href":"https:\/\/eldiariodesanpedro.com.ar\/sitio\/wp-json\/wp\/v2\/tags?post=73033"}],"curies":[{"name":"wp","href":"https:\/\/api.w.org\/{rel}","templated":true}]}}