{"id":7302,"date":"2016-08-18T21:04:30","date_gmt":"2016-08-19T00:04:30","guid":{"rendered":"https:\/\/eldiariodesanpedro.com.ar\/sitio\/?p=7302"},"modified":"2016-08-18T21:04:30","modified_gmt":"2016-08-19T00:04:30","slug":"cienfuegos-iniciaria-acciones-legales","status":"publish","type":"post","link":"https:\/\/eldiariodesanpedro.com.ar\/sitio\/cienfuegos-iniciaria-acciones-legales\/","title":{"rendered":"Cienfuegos iniciar\u00eda acciones legales"},"content":{"rendered":"<p><!-- VideographyWP Plugin Message: Automatic video embedding prevented by plugin options. --><br \/>\n\u00abCon motivo de la Ordenanza N\u00b0 6.212, sancionada el 28 de julio de 2016, la que proh\u00edbe, en el \u00e1mbito del distrito de San Pedro, la tenencia, fabricaci\u00f3n, comercializaci\u00f3n, dep\u00f3sito y venta al p\u00fablico, mayorista o minorista, y el uso particular de todo elemento de pirotecnia y coheter\u00eda, sea \u00e9ste de venta libre o no, y\/o fabricaci\u00f3n autorizada (Art 1\u00ba), la empresa Cienfuegos desea dar a conocer p\u00fablicamente su postura ante los medios y ante todos los habitantes de San Pedro. Dicha posici\u00f3n ya ha sido expuesta oportunamente ante el Intendente, Sr. Cecilio Salazar, a quien hemos realizado reiterados pedidos de audiencia para tratar el tema como es debido\u00bb, manifestaron en un comunicado.<br \/>\nAl tiempo que agregaron: \u00abNuestra actividad se encuentra perfectamente autorizada y legislada por la ley Nacional de Armas y Explosivos N\u00ba 20.429 y el Decreto 302\/83 del Registro Nacional de Armas, entre otras, por lo que la sanci\u00f3n y la consecuente promulgaci\u00f3n de esta ordenanza generar\u00edan un conflicto legislativo que para nuestra actividad ser\u00eda sumamente grave, adem\u00e1s de generarnos un perjuicio econ\u00f3mico irreparable. Le solicitamos enf\u00e1ticamente al Sr. Intendente que revea la situaci\u00f3n y vuelva a tratar dicha ordenanza, de manera correcta, cit\u00e1ndonos y haci\u00e9ndonos parte de la cuesti\u00f3n, ya que en definitiva somos los perjudicados, ponemos a su disposici\u00f3n toda la informaci\u00f3n necesaria y toda nuestra experiencia en este rubro\u00bb.<br \/>\n\u00abHemos atravesado gran cantidad de proyectos de prohibiciones y todos se tornan inconstitucionales en un punto, por lo que han sido derogados. De no mediar una soluci\u00f3n total e incondicional, nos veremos obligados a iniciar inmediatamente todas y cada una de las acciones legales que por ley nos corresponden, no descartando incluso, la solicitud y posterior traba de las medidas cautelares que eventualmente resulten id\u00f3neas para la consecuci\u00f3n de los fines propuestos y la presentaci\u00f3n de recursos de Amparo correspondientes\u00bb, manifestaron por \u00faltimo.<\/p>\n","protected":false},"excerpt":{"rendered":"<p>\u00abCon motivo de la Ordenanza N\u00b0 6.212, sancionada el 28 de julio de 2016, la que proh\u00edbe, en el \u00e1mbito del distrito de San Pedro, la tenencia, fabricaci\u00f3n, comercializaci\u00f3n, dep\u00f3sito y venta al p\u00fablico, mayorista o minorista, y el uso particular de todo elemento de pirotecnia y coheter\u00eda, sea \u00e9ste de venta libre o no, [&hellip;]<\/p>\n","protected":false},"author":4,"featured_media":7303,"comment_status":"open","ping_status":"closed","sticky":false,"template":"","format":"standard","meta":{"om_disable_all_campaigns":false,"_jetpack_memberships_contains_paid_content":false,"footnotes":""},"categories":[50,101,2],"tags":[],"class_list":["post-7302","post","type-post","status-publish","format-standard","has-post-thumbnail","hentry","category-destacadas","category-interes-general-locales","category-locales"],"aioseo_notices":[],"gutentor_comment":0,"jetpack_featured_media_url":"https:\/\/eldiariodesanpedro.com.ar\/sitio\/wp-content\/uploads\/2016\/08\/PAGINA-2-1.jpg","jetpack_shortlink":"https:\/\/wp.me\/p6RhLt-1TM","jetpack_sharing_enabled":true,"_links":{"self":[{"href":"https:\/\/eldiariodesanpedro.com.ar\/sitio\/wp-json\/wp\/v2\/posts\/7302","targetHints":{"allow":["GET"]}}],"collection":[{"href":"https:\/\/eldiariodesanpedro.com.ar\/sitio\/wp-json\/wp\/v2\/posts"}],"about":[{"href":"https:\/\/eldiariodesanpedro.com.ar\/sitio\/wp-json\/wp\/v2\/types\/post"}],"author":[{"embeddable":true,"href":"https:\/\/eldiariodesanpedro.com.ar\/sitio\/wp-json\/wp\/v2\/users\/4"}],"replies":[{"embeddable":true,"href":"https:\/\/eldiariodesanpedro.com.ar\/sitio\/wp-json\/wp\/v2\/comments?post=7302"}],"version-history":[{"count":1,"href":"https:\/\/eldiariodesanpedro.com.ar\/sitio\/wp-json\/wp\/v2\/posts\/7302\/revisions"}],"predecessor-version":[{"id":7304,"href":"https:\/\/eldiariodesanpedro.com.ar\/sitio\/wp-json\/wp\/v2\/posts\/7302\/revisions\/7304"}],"wp:featuredmedia":[{"embeddable":true,"href":"https:\/\/eldiariodesanpedro.com.ar\/sitio\/wp-json\/wp\/v2\/media\/7303"}],"wp:attachment":[{"href":"https:\/\/eldiariodesanpedro.com.ar\/sitio\/wp-json\/wp\/v2\/media?parent=7302"}],"wp:term":[{"taxonomy":"category","embeddable":true,"href":"https:\/\/eldiariodesanpedro.com.ar\/sitio\/wp-json\/wp\/v2\/categories?post=7302"},{"taxonomy":"post_tag","embeddable":true,"href":"https:\/\/eldiariodesanpedro.com.ar\/sitio\/wp-json\/wp\/v2\/tags?post=7302"}],"curies":[{"name":"wp","href":"https:\/\/api.w.org\/{rel}","templated":true}]}}