{"id":72982,"date":"2020-05-03T12:46:08","date_gmt":"2020-05-03T15:46:08","guid":{"rendered":"https:\/\/eldiariodesanpedro.com.ar\/sitio\/?p=72982"},"modified":"2020-05-03T12:46:12","modified_gmt":"2020-05-03T15:46:12","slug":"coronavirus-se-enviaron-tres-nuevas-muestras-sospechosas","status":"publish","type":"post","link":"https:\/\/eldiariodesanpedro.com.ar\/sitio\/coronavirus-se-enviaron-tres-nuevas-muestras-sospechosas\/","title":{"rendered":"Coronavirus: Se enviaron tres nuevas muestras sospechosas"},"content":{"rendered":"<!-- VideographyWP Plugin Message: Automatic video embedding prevented by plugin options. -->\n\n<p>Tres nuevas muestras enviadas a Pergamino, pertenecen a una mujer de 38 a\u00f1os con un cuadro febril sin s\u00edntomas respiratorios aislada en domicilio, un hombre de 32 a\u00f1os tambi\u00e9n con s\u00edntomas compatibles internado en domicilio y un ni\u00f1o de 6 a\u00f1os, hospitalizado con s\u00edntomas respiratorios.<\/p>\n\n\n\n<p>La Secretar\u00eda de Salud de la Municipalidad de San Pedro informa las novedades locales relacionadas con el seguimiento de la Pandemia de Coronavirus:<\/p>\n\n\n\n<p>Positivos COVID-19: 0<br>Muestras Pendientes: 3<\/p>\n\n\n\n<p>Muestras negativas: 59<br>Total enviadas: 62<\/p>\n\n\n\n<p>Aislados preventivos por viaje al exterior: 4<br>(Actualizado por Direcci\u00f3n Nacional de Migraciones al 03\/05 y registros locales de la Secretar\u00eda de Seguridad)<\/p>\n\n\n\n<p>Estad\u00edsticas de la Secretar\u00eda de Seguridad al 03\/05\/2020<br>Ciudadanos puestos a disposici\u00f3n del Juzgado Federal por infracci\u00f3n al ASPO: 615<br>Autos Retenidos: 3<br>Motos Retenidas: 21<\/p>\n\n\n\n<p>Se recuerda que, ante s\u00edntomas de tos seca, fiebre y dolor de garganta y la probabilidad de haber estado en contacto con enfermos o viajeros llegados desde las zonas transmisi\u00f3n local o comunitaria se puede llamar al 148 o 107.<\/p>\n","protected":false},"excerpt":{"rendered":"<p>Tres nuevas muestras enviadas a Pergamino, pertenecen a una mujer de 38 a\u00f1os con un cuadro febril sin s\u00edntomas respiratorios aislada en domicilio, un hombre de 32 a\u00f1os tambi\u00e9n con s\u00edntomas compatibles internado en domicilio y un ni\u00f1o de 6 a\u00f1os, hospitalizado con s\u00edntomas respiratorios. La Secretar\u00eda de Salud de la Municipalidad de San Pedro [&hellip;]<\/p>\n","protected":false},"author":4,"featured_media":71391,"comment_status":"open","ping_status":"closed","sticky":false,"template":"","format":"standard","meta":{"om_disable_all_campaigns":false,"_jetpack_memberships_contains_paid_content":false,"footnotes":""},"categories":[50,101,2],"tags":[197,808,813,33,977,19,976,975],"class_list":["post-72982","post","type-post","status-publish","format-standard","has-post-thumbnail","hentry","category-destacadas","category-interes-general-locales","category-locales","tag-buenos-aires","tag-coronavirus","tag-covid-19","tag-locales","tag-reporte-diario","tag-san-pedro","tag-sospechadas","tag-uevas-muestras"],"aioseo_notices":[],"gutentor_comment":0,"jetpack_featured_media_url":"https:\/\/eldiariodesanpedro.com.ar\/sitio\/wp-content\/uploads\/2020\/04\/WhatsApp-Image-2020-04-02-at-9.26.21-PM.jpeg","jetpack_shortlink":"https:\/\/wp.me\/p6RhLt-iZ8","jetpack_sharing_enabled":true,"_links":{"self":[{"href":"https:\/\/eldiariodesanpedro.com.ar\/sitio\/wp-json\/wp\/v2\/posts\/72982","targetHints":{"allow":["GET"]}}],"collection":[{"href":"https:\/\/eldiariodesanpedro.com.ar\/sitio\/wp-json\/wp\/v2\/posts"}],"about":[{"href":"https:\/\/eldiariodesanpedro.com.ar\/sitio\/wp-json\/wp\/v2\/types\/post"}],"author":[{"embeddable":true,"href":"https:\/\/eldiariodesanpedro.com.ar\/sitio\/wp-json\/wp\/v2\/users\/4"}],"replies":[{"embeddable":true,"href":"https:\/\/eldiariodesanpedro.com.ar\/sitio\/wp-json\/wp\/v2\/comments?post=72982"}],"version-history":[{"count":1,"href":"https:\/\/eldiariodesanpedro.com.ar\/sitio\/wp-json\/wp\/v2\/posts\/72982\/revisions"}],"predecessor-version":[{"id":72983,"href":"https:\/\/eldiariodesanpedro.com.ar\/sitio\/wp-json\/wp\/v2\/posts\/72982\/revisions\/72983"}],"wp:featuredmedia":[{"embeddable":true,"href":"https:\/\/eldiariodesanpedro.com.ar\/sitio\/wp-json\/wp\/v2\/media\/71391"}],"wp:attachment":[{"href":"https:\/\/eldiariodesanpedro.com.ar\/sitio\/wp-json\/wp\/v2\/media?parent=72982"}],"wp:term":[{"taxonomy":"category","embeddable":true,"href":"https:\/\/eldiariodesanpedro.com.ar\/sitio\/wp-json\/wp\/v2\/categories?post=72982"},{"taxonomy":"post_tag","embeddable":true,"href":"https:\/\/eldiariodesanpedro.com.ar\/sitio\/wp-json\/wp\/v2\/tags?post=72982"}],"curies":[{"name":"wp","href":"https:\/\/api.w.org\/{rel}","templated":true}]}}