{"id":7298,"date":"2016-08-18T20:57:53","date_gmt":"2016-08-18T23:57:53","guid":{"rendered":"https:\/\/eldiariodesanpedro.com.ar\/sitio\/?p=7298"},"modified":"2016-08-18T20:57:53","modified_gmt":"2016-08-18T23:57:53","slug":"se-levanto-el-corte-en-la-ruta-191","status":"publish","type":"post","link":"https:\/\/eldiariodesanpedro.com.ar\/sitio\/se-levanto-el-corte-en-la-ruta-191\/","title":{"rendered":"Se levant\u00f3 el corte en la ruta 191"},"content":{"rendered":"<p><!-- VideographyWP Plugin Message: Automatic video embedding prevented by plugin options. --><br \/>\nCerca de las 16.00 de ayer el intendente se hizo presente en el lugar donde se llevaba a cabo el corte de la ruta 191, en cercan\u00edas a P. Doyle. Su presencia all\u00ed hab\u00eda sido requerida por los vecinos en varias oportunidades.<br \/>\nFinalmente ayer, luego de la explicaci\u00f3n brindada sobre las gestiones que se llevaron a cabo, los vecinos decidieron levantar la manifestaci\u00f3n.<br \/>\nSeg\u00fan lo ha dado a conocer el mandatario, Vialidad Provincial comenzar\u00e1 a realizar en los pr\u00f3ximos d\u00edas un bacheo de las zonas m\u00e1s complicadas, mientras que se buscar\u00e1 que la obra de repavimentaci\u00f3n sea incluida en el presupuesto provincial del a\u00f1o 2017.<br \/>\n\u201cLa gobernadora va a cumplir con nosotros\u201d, \u201cles pido que nos tengan confianza que estamos trabajando para que las cosas se hagan\u201d, dijo Salazar.<br \/>\nLuego se\u00f1al\u00f3: \u201cSeguramente yo no he venido asiduamente a Santa Luc\u00eda, tienen raz\u00f3n pero tampoco he ido a Castro, tampoco a R\u00edo Tala porque no tengo tiempo, porque me paso horas y puede decirlo cualquier funcionario, 11, 11, 14 horas en el Municipio, viajo a La Plata, a Buenos Aires o a donde sea para tratar de lograr que me den las cosas para San Pedro\u201d. \u201cYo les pido que nos tengan poquito de confianza, reci\u00e9n llevamos 8 meses y la verdad que estamos consiguiendo un mont\u00f3n de cosas para San Pedro\u201d.<br \/>\nParalelamente, afirm\u00f3 que el Gobierno de Vidal ha \u201cerradicado la corrupci\u00f3n de estado\u201d y sobre ello dijo: \u201cPorque esa ruta, la 191, los hospitales, las escuelas que faltan est\u00e1n en los bolsos que est\u00e1n apareciendo\u201d, en alusi\u00f3n a los hechos de corrupci\u00f3n en la obra p\u00fablica que son investigados a la gesti\u00f3n de la ex presidenta Cristina Fern\u00e1ndez de Kirchner.<br \/>\nEn tanto, que sostuvo que el Director Nacional de Vialidad, Mariano Campos, asever\u00f3 que \u201cla semana que viene van a estar viniendo a ver la Ruta y vamos a tener un ida y vuelta con ellos\u201d. \u201cSe comprometi\u00f3 que van a venir y van a empezar en estos d\u00edas las obras\u201d. \u201cVa a ser un bacheo con pavimento en caliente\u201d.<br \/>\nLuego de ello, Cristi\u00e1n Tancredi, uno de los organizadores de la manifestaci\u00f3n, dijo: \u00abSe levanta el corte, solo quer\u00edamos una soluci\u00f3n\u00bb.<br \/>\nLuego de recibir las explicaci\u00f3n, Salazar fue invitado a comer un asado que se estaba llevando a cabo, casi pr\u00e1cticamente dejando de lado muchas de las declaraciones exacerbadas que se dijeron a trav\u00e9s de los medios por parte de los vecinos en los \u00faltimos d\u00edas.<\/p>\n<p>Dietrich<\/p>\n<p>En tanto, el mandatario tambi\u00e9n aprovech\u00f3 la oportunidad para dar a conocer a los presentes, el arribo hoy del Ministro de Transporte de la Naci\u00f3n, Guillermo Dietrich. \u201cLo voy a traer a recorrer las obras que se est\u00e1n haciendo y tambi\u00e9n le voy a mostrar parte de la 191\u201d, dijo Salazar.<br \/>\n\u201cHoy se comunic\u00f3 la secretaria conmigo que quiere ver el ferrocarril y tambi\u00e9n lo voy a interesar por el Belgrano Cargas\u201d, dijo el mandatario y agreg\u00f3: \u201cEst\u00e1 muy interesado el Gobierno Nacional y Provincial en hacer obras, va a estar en el presupuesto del a\u00f1o que viene para hacer cientos de obras el a\u00f1o que viene en todo el pa\u00eds\u201d. <\/p>\n<p><a href=\"https:\/\/eldiariodesanpedro.com.ar\/sitio\/wp-content\/uploads\/2016\/08\/PAGINA-3-02.jpg\"><img decoding=\"async\" data-attachment-id=\"7300\" data-permalink=\"https:\/\/eldiariodesanpedro.com.ar\/sitio\/se-levanto-el-corte-en-la-ruta-191\/pagina-3-02-20\/\" data-orig-file=\"https:\/\/eldiariodesanpedro.com.ar\/sitio\/wp-content\/uploads\/2016\/08\/PAGINA-3-02.jpg\" data-orig-size=\"900,600\" data-comments-opened=\"1\" data-image-meta=\"{&quot;aperture&quot;:&quot;13&quot;,&quot;credit&quot;:&quot;&quot;,&quot;camera&quot;:&quot;Canon EOS 1100D&quot;,&quot;caption&quot;:&quot;&quot;,&quot;created_timestamp&quot;:&quot;1368931256&quot;,&quot;copyright&quot;:&quot;&quot;,&quot;focal_length&quot;:&quot;43&quot;,&quot;iso&quot;:&quot;400&quot;,&quot;shutter_speed&quot;:&quot;0.0025&quot;,&quot;title&quot;:&quot;&quot;,&quot;orientation&quot;:&quot;1&quot;}\" data-image-title=\"PAGINA 3 02\" data-image-description=\"\" data-image-caption=\"\" data-large-file=\"https:\/\/eldiariodesanpedro.com.ar\/sitio\/wp-content\/uploads\/2016\/08\/PAGINA-3-02.jpg\" data-src=\"https:\/\/eldiariodesanpedro.com.ar\/sitio\/wp-content\/uploads\/2016\/08\/PAGINA-3-02-300x200.jpg\" alt=\"PAGINA 3 02\" width=\"300\" height=\"200\" class=\"alignnone size-medium wp-image-7300 lazyload\" data-srcset=\"https:\/\/eldiariodesanpedro.com.ar\/sitio\/wp-content\/uploads\/2016\/08\/PAGINA-3-02-300x200.jpg 300w, https:\/\/eldiariodesanpedro.com.ar\/sitio\/wp-content\/uploads\/2016\/08\/PAGINA-3-02-768x512.jpg 768w, https:\/\/eldiariodesanpedro.com.ar\/sitio\/wp-content\/uploads\/2016\/08\/PAGINA-3-02.jpg 900w\" data-sizes=\"(max-width: 300px) 100vw, 300px\" src=\"data:image\/svg+xml;base64,PHN2ZyB3aWR0aD0iMSIgaGVpZ2h0PSIxIiB4bWxucz0iaHR0cDovL3d3dy53My5vcmcvMjAwMC9zdmciPjwvc3ZnPg==\" style=\"--smush-placeholder-width: 300px; --smush-placeholder-aspect-ratio: 300\/200;\" \/><\/a><\/p>\n","protected":false},"excerpt":{"rendered":"<p>Cerca de las 16.00 de ayer el intendente se hizo presente en el lugar donde se llevaba a cabo el corte de la ruta 191, en cercan\u00edas a P. Doyle. Su presencia all\u00ed hab\u00eda sido requerida por los vecinos en varias oportunidades. Finalmente ayer, luego de la explicaci\u00f3n brindada sobre las gestiones que se llevaron [&hellip;]<\/p>\n","protected":false},"author":4,"featured_media":7299,"comment_status":"open","ping_status":"closed","sticky":false,"template":"","format":"standard","meta":{"om_disable_all_campaigns":false,"_jetpack_memberships_contains_paid_content":false,"footnotes":""},"categories":[50,101,2],"tags":[],"class_list":["post-7298","post","type-post","status-publish","format-standard","has-post-thumbnail","hentry","category-destacadas","category-interes-general-locales","category-locales"],"aioseo_notices":[],"gutentor_comment":0,"jetpack_featured_media_url":"https:\/\/eldiariodesanpedro.com.ar\/sitio\/wp-content\/uploads\/2016\/08\/PAGINA-3-01.jpg","jetpack_shortlink":"https:\/\/wp.me\/p6RhLt-1TI","jetpack_sharing_enabled":true,"_links":{"self":[{"href":"https:\/\/eldiariodesanpedro.com.ar\/sitio\/wp-json\/wp\/v2\/posts\/7298","targetHints":{"allow":["GET"]}}],"collection":[{"href":"https:\/\/eldiariodesanpedro.com.ar\/sitio\/wp-json\/wp\/v2\/posts"}],"about":[{"href":"https:\/\/eldiariodesanpedro.com.ar\/sitio\/wp-json\/wp\/v2\/types\/post"}],"author":[{"embeddable":true,"href":"https:\/\/eldiariodesanpedro.com.ar\/sitio\/wp-json\/wp\/v2\/users\/4"}],"replies":[{"embeddable":true,"href":"https:\/\/eldiariodesanpedro.com.ar\/sitio\/wp-json\/wp\/v2\/comments?post=7298"}],"version-history":[{"count":1,"href":"https:\/\/eldiariodesanpedro.com.ar\/sitio\/wp-json\/wp\/v2\/posts\/7298\/revisions"}],"predecessor-version":[{"id":7301,"href":"https:\/\/eldiariodesanpedro.com.ar\/sitio\/wp-json\/wp\/v2\/posts\/7298\/revisions\/7301"}],"wp:featuredmedia":[{"embeddable":true,"href":"https:\/\/eldiariodesanpedro.com.ar\/sitio\/wp-json\/wp\/v2\/media\/7299"}],"wp:attachment":[{"href":"https:\/\/eldiariodesanpedro.com.ar\/sitio\/wp-json\/wp\/v2\/media?parent=7298"}],"wp:term":[{"taxonomy":"category","embeddable":true,"href":"https:\/\/eldiariodesanpedro.com.ar\/sitio\/wp-json\/wp\/v2\/categories?post=7298"},{"taxonomy":"post_tag","embeddable":true,"href":"https:\/\/eldiariodesanpedro.com.ar\/sitio\/wp-json\/wp\/v2\/tags?post=7298"}],"curies":[{"name":"wp","href":"https:\/\/api.w.org\/{rel}","templated":true}]}}