{"id":72979,"date":"2020-05-03T11:49:59","date_gmt":"2020-05-03T14:49:59","guid":{"rendered":"https:\/\/eldiariodesanpedro.com.ar\/sitio\/?p=72979"},"modified":"2020-05-03T11:52:00","modified_gmt":"2020-05-03T14:52:00","slug":"excepcion-para-la-distribucion-y-comercializacion-de-plantines-arbustos-y-arboles","status":"publish","type":"post","link":"https:\/\/eldiariodesanpedro.com.ar\/sitio\/excepcion-para-la-distribucion-y-comercializacion-de-plantines-arbustos-y-arboles\/","title":{"rendered":"Excepci\u00f3n para la distribuci\u00f3n y comercializaci\u00f3n de plantines, arbustos y \u00e1rboles"},"content":{"rendered":"<!-- VideographyWP Plugin Message: Automatic video embedding prevented by plugin options. -->\n\n<p>Fue incluida dentro de las excepciones, la distribuci\u00f3n y comercializaci\u00f3n de plantines, arbustos y \u00e1rboles, que ya contaba con una autorizaci\u00f3n nacional pero que ahora queda comprendida dentro de las actividades con respuesta favorable, al pedido puntual enviado desde la Municipalidad de San Pedro.En el d\u00eda de ma\u00f1ana, se reiterar\u00e1n los detalles que se deber\u00e1n contemplar para la realizaci\u00f3n de estas actividades y se aguarda por las respuestas para el resto de las solicitudes elevadas.<\/p>\n\n\n\n<p>Debido a que esta actividad de mano de obra intensiva en nuestra Ciudad, es producida por 140 viveros de peque\u00f1os y medianos productores de la que dependen m\u00e1s de 1000 familias, se solicita la autorizaci\u00f3n para la comercializaci\u00f3n y distribuci\u00f3n de la producci\u00f3n estacional hacia todo el pa\u00eds. Los productos a comercializar son plantines, arbustos y \u00e1rboles, que son vendidos en los meses de marzo a octubre en su mayor\u00eda, y se comercializan solo en esta etapa del a\u00f1o. Si no fuera as\u00ed, se pierde la producci\u00f3n.<\/p>\n\n\n\n<p>Protocolo:<br>* Utilizaci\u00f3n de barbijo o tapabocas al descender del veh\u00edculo.<br>* Desplazarse provisto de un gel o soluci\u00f3n alcoh\u00f3lica, manteniendo una buena higiene de manos con agua y jab\u00f3n o soluciones a base de alcohol o alcohol en gel, antes, durante y despu\u00e9s de los desplazamientos que se vayan a realizar.<br>* No compartir cabina de cami\u00f3n y si fuera necesario, ventilar la misma permanentemente. <br>* Contar en la cabina con alcohol en gel o preparado de 30% agua + 70% de alcohol en aspersor. <br>* Desinfectarse mano, volante y palanca de cambio. <br>* Esperar turnos de carga y de descarga arriba del cami\u00f3n. <br>* Mantener distancias m\u00ednimas (2 metros) con el resto de las personas. <br>* No compartir mates, botellas, vasos, cubiertos, tasas, tel\u00e9fonos, herramientas, equipamientos con otras personas. En caso de tener que hacerlo desinfectar previamente. <br>* En las rutas al utilizar los ba\u00f1os p\u00fablicos lavarse bien las manos y usar las toallas descartables para abrir los picaportes. <br>*Tener sobres en la cabina donde colocar la documentaci\u00f3n que te entregan. Desinfectarse las manos una vez metidos los papeles en el sobre. <br>* Preferentemente llevar viandas de lugar de origen y todo lo necesario para el viaje de ida y de vuelta. <br>* Comercializaci\u00f3n y Peajes: despu\u00e9s de pagar y cobrar, desinfectarse las manos. <br>* Al manipular mercader\u00edas utilizar indumentaria apropiada. Evitando usarla adentro de la cabina.<\/p>\n\n\n\n<p>Adem\u00e1s, se deber\u00e1n contemplar todas las recomendaciones del Ministerio de Desarrollo Agrario de la Provincia de Buenos Aires.<\/p>\n","protected":false},"excerpt":{"rendered":"<p>Fue incluida dentro de las excepciones, la distribuci\u00f3n y comercializaci\u00f3n de plantines, arbustos y \u00e1rboles, que ya contaba con una autorizaci\u00f3n nacional pero que ahora queda comprendida dentro de las actividades con respuesta favorable, al pedido puntual enviado desde la Municipalidad de San Pedro.En el d\u00eda de ma\u00f1ana, se reiterar\u00e1n los detalles que se deber\u00e1n [&hellip;]<\/p>\n","protected":false},"author":4,"featured_media":72980,"comment_status":"open","ping_status":"closed","sticky":false,"template":"","format":"standard","meta":{"om_disable_all_campaigns":false,"_jetpack_memberships_contains_paid_content":false,"footnotes":""},"categories":[50,101,2],"tags":[974,197,971,970,696,33,973,19,969],"class_list":["post-72979","post","type-post","status-publish","format-standard","has-post-thumbnail","hentry","category-destacadas","category-interes-general-locales","category-locales","tag-arbustos","tag-buenos-aires","tag-distribucion","tag-exceptuados","tag-interes-general","tag-locales","tag-plantines","tag-san-pedro","tag-viveros"],"aioseo_notices":[],"gutentor_comment":0,"jetpack_featured_media_url":"https:\/\/eldiariodesanpedro.com.ar\/sitio\/wp-content\/uploads\/2020\/05\/Vivero-960.jpg","jetpack_shortlink":"https:\/\/wp.me\/p6RhLt-iZ5","jetpack_sharing_enabled":true,"_links":{"self":[{"href":"https:\/\/eldiariodesanpedro.com.ar\/sitio\/wp-json\/wp\/v2\/posts\/72979","targetHints":{"allow":["GET"]}}],"collection":[{"href":"https:\/\/eldiariodesanpedro.com.ar\/sitio\/wp-json\/wp\/v2\/posts"}],"about":[{"href":"https:\/\/eldiariodesanpedro.com.ar\/sitio\/wp-json\/wp\/v2\/types\/post"}],"author":[{"embeddable":true,"href":"https:\/\/eldiariodesanpedro.com.ar\/sitio\/wp-json\/wp\/v2\/users\/4"}],"replies":[{"embeddable":true,"href":"https:\/\/eldiariodesanpedro.com.ar\/sitio\/wp-json\/wp\/v2\/comments?post=72979"}],"version-history":[{"count":1,"href":"https:\/\/eldiariodesanpedro.com.ar\/sitio\/wp-json\/wp\/v2\/posts\/72979\/revisions"}],"predecessor-version":[{"id":72981,"href":"https:\/\/eldiariodesanpedro.com.ar\/sitio\/wp-json\/wp\/v2\/posts\/72979\/revisions\/72981"}],"wp:featuredmedia":[{"embeddable":true,"href":"https:\/\/eldiariodesanpedro.com.ar\/sitio\/wp-json\/wp\/v2\/media\/72980"}],"wp:attachment":[{"href":"https:\/\/eldiariodesanpedro.com.ar\/sitio\/wp-json\/wp\/v2\/media?parent=72979"}],"wp:term":[{"taxonomy":"category","embeddable":true,"href":"https:\/\/eldiariodesanpedro.com.ar\/sitio\/wp-json\/wp\/v2\/categories?post=72979"},{"taxonomy":"post_tag","embeddable":true,"href":"https:\/\/eldiariodesanpedro.com.ar\/sitio\/wp-json\/wp\/v2\/tags?post=72979"}],"curies":[{"name":"wp","href":"https:\/\/api.w.org\/{rel}","templated":true}]}}