{"id":7293,"date":"2016-08-18T20:50:31","date_gmt":"2016-08-18T23:50:31","guid":{"rendered":"https:\/\/eldiariodesanpedro.com.ar\/sitio\/?p=7293"},"modified":"2016-08-18T20:50:31","modified_gmt":"2016-08-18T23:50:31","slug":"un-joven-accidentado-por-esquivar-un-perro","status":"publish","type":"post","link":"https:\/\/eldiariodesanpedro.com.ar\/sitio\/un-joven-accidentado-por-esquivar-un-perro\/","title":{"rendered":"Un joven accidentado por esquivar un perro"},"content":{"rendered":"<p><!-- VideographyWP Plugin Message: Automatic video embedding prevented by plugin options. --><br \/>\nSe produjo el mi\u00e9rcoles en Sarmiento y Las Heras, cuando un motociclista que se dirig\u00eda por ese lugar intent\u00f3 esquivar al animal y cay\u00f3 pesadamente al asfalto. Ello motiv\u00f3 que se requiriera una ambulancia del Servicio de Emergencias 107, que deriv\u00f3 a la v\u00edctima del siniestro al Hospital. All\u00ed, tras ser examinado por los profesionales m\u00e9dicos, se determin\u00f3 que las lesiones eran de car\u00e1cter leve.<br \/>\nEn tanto, tambi\u00e9n se produjo otro siniestro, ese mismo d\u00eda, donde una persona perdi\u00f3 el control de su ciclomotor 110 C. C. y cay\u00f3 sobre la calzada. Tambi\u00e9n las lesiones sufridas fueron menores.<\/p>\n","protected":false},"excerpt":{"rendered":"<p>Se produjo el mi\u00e9rcoles en Sarmiento y Las Heras, cuando un motociclista que se dirig\u00eda por ese lugar intent\u00f3 esquivar al animal y cay\u00f3 pesadamente al asfalto. Ello motiv\u00f3 que se requiriera una ambulancia del Servicio de Emergencias 107, que deriv\u00f3 a la v\u00edctima del siniestro al Hospital. All\u00ed, tras ser examinado por los profesionales [&hellip;]<\/p>\n","protected":false},"author":4,"featured_media":2624,"comment_status":"open","ping_status":"closed","sticky":false,"template":"","format":"standard","meta":{"om_disable_all_campaigns":false,"_jetpack_memberships_contains_paid_content":false,"footnotes":""},"categories":[50,2,103],"tags":[],"class_list":["post-7293","post","type-post","status-publish","format-standard","has-post-thumbnail","hentry","category-destacadas","category-locales","category-policiales-locales"],"aioseo_notices":[],"gutentor_comment":0,"jetpack_featured_media_url":"https:\/\/eldiariodesanpedro.com.ar\/sitio\/wp-content\/uploads\/2016\/04\/guardia.jpg","jetpack_shortlink":"https:\/\/wp.me\/p6RhLt-1TD","jetpack_sharing_enabled":true,"_links":{"self":[{"href":"https:\/\/eldiariodesanpedro.com.ar\/sitio\/wp-json\/wp\/v2\/posts\/7293","targetHints":{"allow":["GET"]}}],"collection":[{"href":"https:\/\/eldiariodesanpedro.com.ar\/sitio\/wp-json\/wp\/v2\/posts"}],"about":[{"href":"https:\/\/eldiariodesanpedro.com.ar\/sitio\/wp-json\/wp\/v2\/types\/post"}],"author":[{"embeddable":true,"href":"https:\/\/eldiariodesanpedro.com.ar\/sitio\/wp-json\/wp\/v2\/users\/4"}],"replies":[{"embeddable":true,"href":"https:\/\/eldiariodesanpedro.com.ar\/sitio\/wp-json\/wp\/v2\/comments?post=7293"}],"version-history":[{"count":1,"href":"https:\/\/eldiariodesanpedro.com.ar\/sitio\/wp-json\/wp\/v2\/posts\/7293\/revisions"}],"predecessor-version":[{"id":7294,"href":"https:\/\/eldiariodesanpedro.com.ar\/sitio\/wp-json\/wp\/v2\/posts\/7293\/revisions\/7294"}],"wp:featuredmedia":[{"embeddable":true,"href":"https:\/\/eldiariodesanpedro.com.ar\/sitio\/wp-json\/wp\/v2\/media\/2624"}],"wp:attachment":[{"href":"https:\/\/eldiariodesanpedro.com.ar\/sitio\/wp-json\/wp\/v2\/media?parent=7293"}],"wp:term":[{"taxonomy":"category","embeddable":true,"href":"https:\/\/eldiariodesanpedro.com.ar\/sitio\/wp-json\/wp\/v2\/categories?post=7293"},{"taxonomy":"post_tag","embeddable":true,"href":"https:\/\/eldiariodesanpedro.com.ar\/sitio\/wp-json\/wp\/v2\/tags?post=7293"}],"curies":[{"name":"wp","href":"https:\/\/api.w.org\/{rel}","templated":true}]}}