{"id":72915,"date":"2020-05-01T11:16:22","date_gmt":"2020-05-01T14:16:22","guid":{"rendered":"https:\/\/eldiariodesanpedro.com.ar\/sitio\/?p=72915"},"modified":"2020-05-01T11:16:26","modified_gmt":"2020-05-01T14:16:26","slug":"una-mujer-aprehendida-por-estafas-con-una-tarjeta-de-credito","status":"publish","type":"post","link":"https:\/\/eldiariodesanpedro.com.ar\/sitio\/una-mujer-aprehendida-por-estafas-con-una-tarjeta-de-credito\/","title":{"rendered":"Una mujer aprehendida por estafas con una tarjeta de cr\u00e9dito"},"content":{"rendered":"<!-- VideographyWP Plugin Message: Automatic video embedding prevented by plugin options. -->\n\n<p>Tras una minuciosa investigaci\u00f3n, efectivos del Gabinete Criminol\u00f3gico lograron de la detenci\u00f3n de la estafadora que compro con una tarjeta de cr\u00e9dito encontrada en la v\u00eda p\u00fablica.<\/p>\n\n\n\n<p>Se realiz\u00f3 un operativo de allanamiento esta tarde de jueves en una vivienda ubicada en calle Jose Hernandez al 1300 donde se secuestr\u00f3 una billetera de mujer y documentaci\u00f3n de la damnificada.<\/p>\n\n\n\n<p>El hecho fue denunciado el pasado mi\u00e9rcoles cuando una mujer que circulaba por la zona c\u00e9ntrica, pierde su billetera y momentos despu\u00e9s comienza a recibir notificaciones en su tel\u00e9fono m\u00f3vil de compras realizadas con su tarjeta en diferentes comercios.<\/p>\n\n\n\n<p>La investigaci\u00f3n del personal del Gabinete Criminol\u00f3gico de la Comisar\u00eda fue como consecuencia de an\u00e1lisis de c\u00e1maras de seguridad y elementos probatorios recabados.&nbsp;<\/p>\n\n\n\n<p>La imputada del hecho una mujer de 18 a\u00f1os fue sometida al proceso penal imputada del delito de \u201cestafa\u201d prosiguiendo con la investigaci\u00f3n la fiscal\u00eda local en turno.<\/p>\n","protected":false},"excerpt":{"rendered":"<p>Tras una minuciosa investigaci\u00f3n, efectivos del Gabinete Criminol\u00f3gico lograron de la detenci\u00f3n de la estafadora que compro con una tarjeta de cr\u00e9dito encontrada en la v\u00eda p\u00fablica. Se realiz\u00f3 un operativo de allanamiento esta tarde de jueves en una vivienda ubicada en calle Jose Hernandez al 1300 donde se secuestr\u00f3 una billetera de mujer y [&hellip;]<\/p>\n","protected":false},"author":4,"featured_media":72916,"comment_status":"open","ping_status":"closed","sticky":false,"template":"","format":"standard","meta":{"om_disable_all_campaigns":false,"_jetpack_memberships_contains_paid_content":false,"footnotes":""},"categories":[50,2,103],"tags":[197,936,33,937,938],"class_list":["post-72915","post","type-post","status-publish","format-standard","has-post-thumbnail","hentry","category-destacadas","category-locales","category-policiales-locales","tag-buenos-aires","tag-estafa","tag-locales","tag-tajeta","tag-tarjeta"],"aioseo_notices":[],"gutentor_comment":0,"jetpack_featured_media_url":"https:\/\/eldiariodesanpedro.com.ar\/sitio\/wp-content\/uploads\/2020\/05\/WhatsApp-Image-2020-05-01-at-11.10.41.jpeg","jetpack_shortlink":"https:\/\/wp.me\/p6RhLt-iY3","jetpack_sharing_enabled":true,"_links":{"self":[{"href":"https:\/\/eldiariodesanpedro.com.ar\/sitio\/wp-json\/wp\/v2\/posts\/72915","targetHints":{"allow":["GET"]}}],"collection":[{"href":"https:\/\/eldiariodesanpedro.com.ar\/sitio\/wp-json\/wp\/v2\/posts"}],"about":[{"href":"https:\/\/eldiariodesanpedro.com.ar\/sitio\/wp-json\/wp\/v2\/types\/post"}],"author":[{"embeddable":true,"href":"https:\/\/eldiariodesanpedro.com.ar\/sitio\/wp-json\/wp\/v2\/users\/4"}],"replies":[{"embeddable":true,"href":"https:\/\/eldiariodesanpedro.com.ar\/sitio\/wp-json\/wp\/v2\/comments?post=72915"}],"version-history":[{"count":1,"href":"https:\/\/eldiariodesanpedro.com.ar\/sitio\/wp-json\/wp\/v2\/posts\/72915\/revisions"}],"predecessor-version":[{"id":72917,"href":"https:\/\/eldiariodesanpedro.com.ar\/sitio\/wp-json\/wp\/v2\/posts\/72915\/revisions\/72917"}],"wp:featuredmedia":[{"embeddable":true,"href":"https:\/\/eldiariodesanpedro.com.ar\/sitio\/wp-json\/wp\/v2\/media\/72916"}],"wp:attachment":[{"href":"https:\/\/eldiariodesanpedro.com.ar\/sitio\/wp-json\/wp\/v2\/media?parent=72915"}],"wp:term":[{"taxonomy":"category","embeddable":true,"href":"https:\/\/eldiariodesanpedro.com.ar\/sitio\/wp-json\/wp\/v2\/categories?post=72915"},{"taxonomy":"post_tag","embeddable":true,"href":"https:\/\/eldiariodesanpedro.com.ar\/sitio\/wp-json\/wp\/v2\/tags?post=72915"}],"curies":[{"name":"wp","href":"https:\/\/api.w.org\/{rel}","templated":true}]}}