{"id":72886,"date":"2020-04-30T19:22:42","date_gmt":"2020-04-30T22:22:42","guid":{"rendered":"https:\/\/eldiariodesanpedro.com.ar\/sitio\/?p=72886"},"modified":"2020-04-30T19:22:46","modified_gmt":"2020-04-30T22:22:46","slug":"coronavirus-se-envia-una-nueva-muestra-sospechosa","status":"publish","type":"post","link":"https:\/\/eldiariodesanpedro.com.ar\/sitio\/coronavirus-se-envia-una-nueva-muestra-sospechosa\/","title":{"rendered":"Coronavirus: Se env\u00eda una nueva muestra sospechosa"},"content":{"rendered":"<!-- VideographyWP Plugin Message: Automatic video embedding prevented by plugin options. -->\n\n<p>La secretaria de Salud de la municipalidad informa el parte diario donde comunica que este jueves se envi\u00f3 una nueva muestra enviada hoy pertenece a una mujer de 20 a\u00f1os que consult\u00f3 en el Hospital y se encuentra con aislamiento en domicilio.<\/p>\n\n\n\n<p>La Secretar\u00eda de Salud de la Municipalidad de San Pedro informa las novedades locales relacionadas con el seguimiento de la Pandemia de Coronavirus:<\/p>\n\n\n\n<p>Positivos COVID-19: 0<br>Muestras Pendientes: 1<\/p>\n\n\n\n<p>Muestras negativas: 58<br>Total enviadas: 59<\/p>\n\n\n\n<p>Aislados preventivos por viaje al exterior: 6<br>(Actualizado por Direcci\u00f3n Nacional de Migraciones al 30\/04 y registros locales de la Secretar\u00eda de Seguridad)<\/p>\n\n\n\n<p>Estad\u00edsticas de la Secretar\u00eda de Seguridad al 30\/04\/2020<br>Ciudadanos puestos a disposici\u00f3n del Juzgado Federal por infracci\u00f3n al ASPO: 575<br>Autos Retenidos: 3<br>Motos Retenidas: 21<\/p>\n\n\n\n<p>Se recuerda que, ante s\u00edntomas de tos seca, fiebre y dolor de garganta y la probabilidad de haber estado en contacto con enfermos o viajeros llegados desde las zonas transmisi\u00f3n local o comunitaria se puede llamar al 148 o 107.<\/p>\n","protected":false},"excerpt":{"rendered":"<p>La secretaria de Salud de la municipalidad informa el parte diario donde comunica que este jueves se envi\u00f3 una nueva muestra enviada hoy pertenece a una mujer de 20 a\u00f1os que consult\u00f3 en el Hospital y se encuentra con aislamiento en domicilio. La Secretar\u00eda de Salud de la Municipalidad de San Pedro informa las novedades [&hellip;]<\/p>\n","protected":false},"author":4,"featured_media":72443,"comment_status":"open","ping_status":"closed","sticky":false,"template":"","format":"standard","meta":{"om_disable_all_campaigns":false,"_jetpack_memberships_contains_paid_content":false,"footnotes":""},"categories":[50,101,2],"tags":[813,33],"class_list":["post-72886","post","type-post","status-publish","format-standard","has-post-thumbnail","hentry","category-destacadas","category-interes-general-locales","category-locales","tag-covid-19","tag-locales"],"aioseo_notices":[],"gutentor_comment":0,"jetpack_featured_media_url":"https:\/\/eldiariodesanpedro.com.ar\/sitio\/wp-content\/uploads\/2020\/04\/crn2_1.jpg","jetpack_shortlink":"https:\/\/wp.me\/p6RhLt-iXA","jetpack_sharing_enabled":true,"_links":{"self":[{"href":"https:\/\/eldiariodesanpedro.com.ar\/sitio\/wp-json\/wp\/v2\/posts\/72886","targetHints":{"allow":["GET"]}}],"collection":[{"href":"https:\/\/eldiariodesanpedro.com.ar\/sitio\/wp-json\/wp\/v2\/posts"}],"about":[{"href":"https:\/\/eldiariodesanpedro.com.ar\/sitio\/wp-json\/wp\/v2\/types\/post"}],"author":[{"embeddable":true,"href":"https:\/\/eldiariodesanpedro.com.ar\/sitio\/wp-json\/wp\/v2\/users\/4"}],"replies":[{"embeddable":true,"href":"https:\/\/eldiariodesanpedro.com.ar\/sitio\/wp-json\/wp\/v2\/comments?post=72886"}],"version-history":[{"count":1,"href":"https:\/\/eldiariodesanpedro.com.ar\/sitio\/wp-json\/wp\/v2\/posts\/72886\/revisions"}],"predecessor-version":[{"id":72887,"href":"https:\/\/eldiariodesanpedro.com.ar\/sitio\/wp-json\/wp\/v2\/posts\/72886\/revisions\/72887"}],"wp:featuredmedia":[{"embeddable":true,"href":"https:\/\/eldiariodesanpedro.com.ar\/sitio\/wp-json\/wp\/v2\/media\/72443"}],"wp:attachment":[{"href":"https:\/\/eldiariodesanpedro.com.ar\/sitio\/wp-json\/wp\/v2\/media?parent=72886"}],"wp:term":[{"taxonomy":"category","embeddable":true,"href":"https:\/\/eldiariodesanpedro.com.ar\/sitio\/wp-json\/wp\/v2\/categories?post=72886"},{"taxonomy":"post_tag","embeddable":true,"href":"https:\/\/eldiariodesanpedro.com.ar\/sitio\/wp-json\/wp\/v2\/tags?post=72886"}],"curies":[{"name":"wp","href":"https:\/\/api.w.org\/{rel}","templated":true}]}}