{"id":72880,"date":"2020-04-30T16:28:07","date_gmt":"2020-04-30T19:28:07","guid":{"rendered":"https:\/\/eldiariodesanpedro.com.ar\/sitio\/?p=72880"},"modified":"2020-04-30T17:08:46","modified_gmt":"2020-04-30T20:08:46","slug":"zarate-tremendo-se-desmorono-parte-de-la-costa-en-la-zona-del-embarcadero-del-ex-ferry","status":"publish","type":"post","link":"https:\/\/eldiariodesanpedro.com.ar\/sitio\/zarate-tremendo-se-desmorono-parte-de-la-costa-en-la-zona-del-embarcadero-del-ex-ferry\/","title":{"rendered":"Z\u00c1RATE | \u00a1Tremendo!: se desmoron\u00f3 parte de la costa en la zona del embarcadero del ex Ferry"},"content":{"rendered":"<!-- VideographyWP Plugin Message: Automatic video embedding prevented by plugin options. -->\n\n<p>En las primeras horas de este jueves, m\u00e1s de 60 metros de costa de la zona del embarcadero del ex Ferry fue devorada por las aguas del R\u00edo Paran\u00e1.<\/p>\n\n\n\n<p>El derrumbe se llev\u00f3 \u00e1rboles y casas con el peligro que el fen\u00f3meno vuelva a repetirse. Se mont\u00f3 un gran operativo en el lugar, encabezado por el Jefe de Defensa Civil, Claudio Garc\u00eda, y varias familias tuvieron que ser evacuadas.<\/p>\n\n\n\n<p><em>\u00abEst\u00e1 en alerta el Comit\u00e9 de Crisis Municipal y en el operativo particip\u00f3 Prefectura Naval con una embarcaci\u00f3n que se utiliz\u00f3 para las evacuaciones, Bomberos Voluntarios, el SEMU, la Secretaria de Seguridad y una cuadrilla de Cooperativa de Electricidad procedi\u00f3 al corte de suministro\u00bb<\/em>, pormenoriz\u00f3 Garc\u00eda a este medio.<\/p>\n\n\n\n<p><em>\u00abLa situaci\u00f3n es complicada porque el r\u00edo puede seguir socavando\u00bb<\/em>, remarc\u00f3 el funcionario a\u00f1adiendo que los evacuados fueron alojados en distintos puntos de la Ciudad.<\/p>\n\n\n\n<p><em>\u00abDesde las primeras horas estamos realizando un relevamiento con asistentes sociales y personal de la Secretaria de Desarrollo Humano para asistir al resto de los pobladores del lugar\u00bb<\/em>, corrobor\u00f3 el funcionario.<\/p>\n\n\n\n<p>Fuente: <a href=\"http:\/\/www.enlacecritico.com\/destacados\/tremendo-se-desmorono-parte-de-la-costa-en-la-zona-del-embarcadero-del-ex-ferry\/\">Enlace Critico<\/a><\/p>\n","protected":false},"excerpt":{"rendered":"<p>En las primeras horas de este jueves, m\u00e1s de 60 metros de costa de la zona del embarcadero del ex Ferry fue devorada por las aguas del R\u00edo Paran\u00e1. El derrumbe se llev\u00f3 \u00e1rboles y casas con el peligro que el fen\u00f3meno vuelva a repetirse. Se mont\u00f3 un gran operativo en el lugar, encabezado por [&hellip;]<\/p>\n","protected":false},"author":4,"featured_media":72882,"comment_status":"open","ping_status":"closed","sticky":false,"template":"","format":"standard","meta":{"om_disable_all_campaigns":false,"_jetpack_memberships_contains_paid_content":false,"footnotes":""},"categories":[621],"tags":[932,933,696,681,707],"class_list":["post-72880","post","type-post","status-publish","format-standard","has-post-thumbnail","hentry","category-regionales","tag-costas","tag-desmoronamiento","tag-interes-general","tag-regionales","tag-zarate"],"aioseo_notices":[],"gutentor_comment":0,"jetpack_featured_media_url":"https:\/\/eldiariodesanpedro.com.ar\/sitio\/wp-content\/uploads\/2020\/04\/37deeea6-f009-4569-aee9-981e360c1f13-640x480-1.jpg","jetpack_shortlink":"https:\/\/wp.me\/p6RhLt-iXu","jetpack_sharing_enabled":true,"_links":{"self":[{"href":"https:\/\/eldiariodesanpedro.com.ar\/sitio\/wp-json\/wp\/v2\/posts\/72880","targetHints":{"allow":["GET"]}}],"collection":[{"href":"https:\/\/eldiariodesanpedro.com.ar\/sitio\/wp-json\/wp\/v2\/posts"}],"about":[{"href":"https:\/\/eldiariodesanpedro.com.ar\/sitio\/wp-json\/wp\/v2\/types\/post"}],"author":[{"embeddable":true,"href":"https:\/\/eldiariodesanpedro.com.ar\/sitio\/wp-json\/wp\/v2\/users\/4"}],"replies":[{"embeddable":true,"href":"https:\/\/eldiariodesanpedro.com.ar\/sitio\/wp-json\/wp\/v2\/comments?post=72880"}],"version-history":[{"count":1,"href":"https:\/\/eldiariodesanpedro.com.ar\/sitio\/wp-json\/wp\/v2\/posts\/72880\/revisions"}],"predecessor-version":[{"id":72881,"href":"https:\/\/eldiariodesanpedro.com.ar\/sitio\/wp-json\/wp\/v2\/posts\/72880\/revisions\/72881"}],"wp:featuredmedia":[{"embeddable":true,"href":"https:\/\/eldiariodesanpedro.com.ar\/sitio\/wp-json\/wp\/v2\/media\/72882"}],"wp:attachment":[{"href":"https:\/\/eldiariodesanpedro.com.ar\/sitio\/wp-json\/wp\/v2\/media?parent=72880"}],"wp:term":[{"taxonomy":"category","embeddable":true,"href":"https:\/\/eldiariodesanpedro.com.ar\/sitio\/wp-json\/wp\/v2\/categories?post=72880"},{"taxonomy":"post_tag","embeddable":true,"href":"https:\/\/eldiariodesanpedro.com.ar\/sitio\/wp-json\/wp\/v2\/tags?post=72880"}],"curies":[{"name":"wp","href":"https:\/\/api.w.org\/{rel}","templated":true}]}}