{"id":7287,"date":"2016-08-18T20:48:45","date_gmt":"2016-08-18T23:48:45","guid":{"rendered":"https:\/\/eldiariodesanpedro.com.ar\/sitio\/?p=7287"},"modified":"2016-08-18T20:48:45","modified_gmt":"2016-08-18T23:48:45","slug":"una-mujer-fue-aprehendida-en-un-control-de-transito","status":"publish","type":"post","link":"https:\/\/eldiariodesanpedro.com.ar\/sitio\/una-mujer-fue-aprehendida-en-un-control-de-transito\/","title":{"rendered":"Una mujer fue aprehendida en un control de tr\u00e1nsito"},"content":{"rendered":"<p><!-- VideographyWP Plugin Message: Automatic video embedding prevented by plugin options. --><br \/>\nOcurri\u00f3 el mi\u00e9rcoles en horas del mediod\u00eda en un control que se desarrollaba en Mitre, entre 3 de Febrero y H. Pueyrred\u00f3n. Una mujer de 61 a\u00f1os, que se dirig\u00eda en un ciclomotor marca Zanella de baja cilindrada, carec\u00eda de toda documentaci\u00f3n necesaria para circular, por lo que personal de la Direcci\u00f3n de Tr\u00e1nsito y Nocturnidad procedi\u00f3 a secuestrar el rodado.<br \/>\nSin embargo, la motociclista se resisti\u00f3, neg\u00e1ndose a descender del veh\u00edculo. \u201cTorn\u00e1ndose agresiva\u201d y \u201carrojando improperios hacia los all\u00ed presentes\u201d, \u201cintenta agredir al personal Policial\u201d seg\u00fan expresa el parte de prensa de la comisar\u00eda.<br \/>\nPor ello, los efectivos la trasladaron a la dependencia local en calidad de aprehendida.<br \/>\nInterviene la UFI N\u00ba 7 a cargo de la Dra. Viviana Ramos, quien caratul\u00f3 la causa como \u201caprehensi\u00f3n por atentado y resistencia a la autoridad e infracci\u00f3n de tr\u00e1nsito\u201d.<\/p>\n","protected":false},"excerpt":{"rendered":"<p>Ocurri\u00f3 el mi\u00e9rcoles en horas del mediod\u00eda en un control que se desarrollaba en Mitre, entre 3 de Febrero y H. Pueyrred\u00f3n. Una mujer de 61 a\u00f1os, que se dirig\u00eda en un ciclomotor marca Zanella de baja cilindrada, carec\u00eda de toda documentaci\u00f3n necesaria para circular, por lo que personal de la Direcci\u00f3n de Tr\u00e1nsito y [&hellip;]<\/p>\n","protected":false},"author":4,"featured_media":7288,"comment_status":"open","ping_status":"closed","sticky":false,"template":"","format":"standard","meta":{"om_disable_all_campaigns":false,"_jetpack_memberships_contains_paid_content":false,"footnotes":""},"categories":[101,2],"tags":[],"class_list":["post-7287","post","type-post","status-publish","format-standard","has-post-thumbnail","hentry","category-interes-general-locales","category-locales"],"aioseo_notices":[],"gutentor_comment":0,"jetpack_featured_media_url":"https:\/\/eldiariodesanpedro.com.ar\/sitio\/wp-content\/uploads\/2016\/08\/detenida.jpg","jetpack_shortlink":"https:\/\/wp.me\/p6RhLt-1Tx","jetpack_sharing_enabled":true,"_links":{"self":[{"href":"https:\/\/eldiariodesanpedro.com.ar\/sitio\/wp-json\/wp\/v2\/posts\/7287","targetHints":{"allow":["GET"]}}],"collection":[{"href":"https:\/\/eldiariodesanpedro.com.ar\/sitio\/wp-json\/wp\/v2\/posts"}],"about":[{"href":"https:\/\/eldiariodesanpedro.com.ar\/sitio\/wp-json\/wp\/v2\/types\/post"}],"author":[{"embeddable":true,"href":"https:\/\/eldiariodesanpedro.com.ar\/sitio\/wp-json\/wp\/v2\/users\/4"}],"replies":[{"embeddable":true,"href":"https:\/\/eldiariodesanpedro.com.ar\/sitio\/wp-json\/wp\/v2\/comments?post=7287"}],"version-history":[{"count":1,"href":"https:\/\/eldiariodesanpedro.com.ar\/sitio\/wp-json\/wp\/v2\/posts\/7287\/revisions"}],"predecessor-version":[{"id":7289,"href":"https:\/\/eldiariodesanpedro.com.ar\/sitio\/wp-json\/wp\/v2\/posts\/7287\/revisions\/7289"}],"wp:featuredmedia":[{"embeddable":true,"href":"https:\/\/eldiariodesanpedro.com.ar\/sitio\/wp-json\/wp\/v2\/media\/7288"}],"wp:attachment":[{"href":"https:\/\/eldiariodesanpedro.com.ar\/sitio\/wp-json\/wp\/v2\/media?parent=7287"}],"wp:term":[{"taxonomy":"category","embeddable":true,"href":"https:\/\/eldiariodesanpedro.com.ar\/sitio\/wp-json\/wp\/v2\/categories?post=7287"},{"taxonomy":"post_tag","embeddable":true,"href":"https:\/\/eldiariodesanpedro.com.ar\/sitio\/wp-json\/wp\/v2\/tags?post=7287"}],"curies":[{"name":"wp","href":"https:\/\/api.w.org\/{rel}","templated":true}]}}