{"id":72854,"date":"2020-04-30T12:59:17","date_gmt":"2020-04-30T15:59:17","guid":{"rendered":"https:\/\/eldiariodesanpedro.com.ar\/sitio\/?p=72854"},"modified":"2020-04-30T12:59:20","modified_gmt":"2020-04-30T15:59:20","slug":"roban-herramientas-en-una-vivienda-en-construccion","status":"publish","type":"post","link":"https:\/\/eldiariodesanpedro.com.ar\/sitio\/roban-herramientas-en-una-vivienda-en-construccion\/","title":{"rendered":"Roban herramientas en una vivienda en construcci\u00f3n"},"content":{"rendered":"<!-- VideographyWP Plugin Message: Automatic video embedding prevented by plugin options. -->\n\n<p>Este mi\u00e9rcoles se recibi\u00f3 la denuncia en la comisar\u00eda local de un ciudadano de 42 a\u00f1os de edad, que en la madrugada del martes autores ignorados ingresan a predio de su propiedad en el barrio Villa Jard\u00edn donde posee una vivienda en construcci\u00f3n , donde se le sustrajeron herramientas varias previo cortar tejido perimetral y candado.<\/p>\n","protected":false},"excerpt":{"rendered":"<p>Este mi\u00e9rcoles se recibi\u00f3 la denuncia en la comisar\u00eda local de un ciudadano de 42 a\u00f1os de edad, que en la madrugada del martes autores ignorados ingresan a predio de su propiedad en el barrio Villa Jard\u00edn donde posee una vivienda en construcci\u00f3n , donde se le sustrajeron herramientas varias previo cortar tejido perimetral y [&hellip;]<\/p>\n","protected":false},"author":4,"featured_media":71690,"comment_status":"open","ping_status":"closed","sticky":false,"template":"","format":"standard","meta":{"om_disable_all_campaigns":false,"_jetpack_memberships_contains_paid_content":false,"footnotes":""},"categories":[2,103],"tags":[197,921],"class_list":["post-72854","post","type-post","status-publish","format-standard","has-post-thumbnail","hentry","category-locales","category-policiales-locales","tag-buenos-aires","tag-villa-jardin"],"aioseo_notices":[],"gutentor_comment":0,"jetpack_featured_media_url":"https:\/\/eldiariodesanpedro.com.ar\/sitio\/wp-content\/uploads\/2020\/04\/447781_20200328164012-1.jpg","jetpack_shortlink":"https:\/\/wp.me\/p6RhLt-iX4","jetpack_sharing_enabled":true,"_links":{"self":[{"href":"https:\/\/eldiariodesanpedro.com.ar\/sitio\/wp-json\/wp\/v2\/posts\/72854","targetHints":{"allow":["GET"]}}],"collection":[{"href":"https:\/\/eldiariodesanpedro.com.ar\/sitio\/wp-json\/wp\/v2\/posts"}],"about":[{"href":"https:\/\/eldiariodesanpedro.com.ar\/sitio\/wp-json\/wp\/v2\/types\/post"}],"author":[{"embeddable":true,"href":"https:\/\/eldiariodesanpedro.com.ar\/sitio\/wp-json\/wp\/v2\/users\/4"}],"replies":[{"embeddable":true,"href":"https:\/\/eldiariodesanpedro.com.ar\/sitio\/wp-json\/wp\/v2\/comments?post=72854"}],"version-history":[{"count":1,"href":"https:\/\/eldiariodesanpedro.com.ar\/sitio\/wp-json\/wp\/v2\/posts\/72854\/revisions"}],"predecessor-version":[{"id":72855,"href":"https:\/\/eldiariodesanpedro.com.ar\/sitio\/wp-json\/wp\/v2\/posts\/72854\/revisions\/72855"}],"wp:featuredmedia":[{"embeddable":true,"href":"https:\/\/eldiariodesanpedro.com.ar\/sitio\/wp-json\/wp\/v2\/media\/71690"}],"wp:attachment":[{"href":"https:\/\/eldiariodesanpedro.com.ar\/sitio\/wp-json\/wp\/v2\/media?parent=72854"}],"wp:term":[{"taxonomy":"category","embeddable":true,"href":"https:\/\/eldiariodesanpedro.com.ar\/sitio\/wp-json\/wp\/v2\/categories?post=72854"},{"taxonomy":"post_tag","embeddable":true,"href":"https:\/\/eldiariodesanpedro.com.ar\/sitio\/wp-json\/wp\/v2\/tags?post=72854"}],"curies":[{"name":"wp","href":"https:\/\/api.w.org\/{rel}","templated":true}]}}