{"id":72852,"date":"2020-04-30T12:12:08","date_gmt":"2020-04-30T15:12:08","guid":{"rendered":"https:\/\/eldiariodesanpedro.com.ar\/sitio\/?p=72852"},"modified":"2020-04-30T12:12:09","modified_gmt":"2020-04-30T15:12:09","slug":"estafas-por-compras-con-una-tarjeta-de-credito-robada","status":"publish","type":"post","link":"https:\/\/eldiariodesanpedro.com.ar\/sitio\/estafas-por-compras-con-una-tarjeta-de-credito-robada\/","title":{"rendered":"Estafas por compras con una tarjeta de cr\u00e9dito robada"},"content":{"rendered":"<!-- VideographyWP Plugin Message: Automatic video embedding prevented by plugin options. -->\n\n<p>En la jornada de jueves se recibi\u00f3 una denuncia de una persona quien declar\u00f3 haber perdido su tarjeta de cr\u00e9dito junto a otras documentaciones, con la que posteriormente alguien realizo compras.<\/p>\n\n\n\n<p>Una mujer de 35 a\u00f1os de edad se hizo presente en la comisar\u00eda este jueves para realizar la denuncia que pasadas las 15 hs extravi\u00f3 su billetera en la que adem\u00e1s ten\u00eda su tarjeta de cr\u00e9dito con documentaci\u00f3n personal no advirtiendo el hecho.&nbsp;<\/p>\n\n\n\n<p>Tras el extrav\u00edo de sus pertenencias recibi\u00f3 mensajes a su celular advirtiendo la compra de productos. Por lo que constato que se realizaron varias compras en distintos comercios.<\/p>\n","protected":false},"excerpt":{"rendered":"<p>En la jornada de jueves se recibi\u00f3 una denuncia de una persona quien declar\u00f3 haber perdido su tarjeta de cr\u00e9dito junto a otras documentaciones, con la que posteriormente alguien realizo compras. Una mujer de 35 a\u00f1os de edad se hizo presente en la comisar\u00eda este jueves para realizar la denuncia que pasadas las 15 hs [&hellip;]<\/p>\n","protected":false},"author":4,"featured_media":72529,"comment_status":"open","ping_status":"closed","sticky":false,"template":"","format":"standard","meta":{"om_disable_all_campaigns":false,"_jetpack_memberships_contains_paid_content":false,"footnotes":""},"categories":[50,2,103],"tags":[39,920,33,19],"class_list":["post-72852","post","type-post","status-publish","format-standard","has-post-thumbnail","hentry","category-destacadas","category-locales","category-policiales-locales","tag-denuncia","tag-estafas","tag-locales","tag-san-pedro"],"aioseo_notices":[],"gutentor_comment":0,"jetpack_featured_media_url":"https:\/\/eldiariodesanpedro.com.ar\/sitio\/wp-content\/uploads\/2020\/04\/DSC_0094-scaled-e1587677024138.jpg","jetpack_shortlink":"https:\/\/wp.me\/p6RhLt-iX2","jetpack_sharing_enabled":true,"_links":{"self":[{"href":"https:\/\/eldiariodesanpedro.com.ar\/sitio\/wp-json\/wp\/v2\/posts\/72852","targetHints":{"allow":["GET"]}}],"collection":[{"href":"https:\/\/eldiariodesanpedro.com.ar\/sitio\/wp-json\/wp\/v2\/posts"}],"about":[{"href":"https:\/\/eldiariodesanpedro.com.ar\/sitio\/wp-json\/wp\/v2\/types\/post"}],"author":[{"embeddable":true,"href":"https:\/\/eldiariodesanpedro.com.ar\/sitio\/wp-json\/wp\/v2\/users\/4"}],"replies":[{"embeddable":true,"href":"https:\/\/eldiariodesanpedro.com.ar\/sitio\/wp-json\/wp\/v2\/comments?post=72852"}],"version-history":[{"count":1,"href":"https:\/\/eldiariodesanpedro.com.ar\/sitio\/wp-json\/wp\/v2\/posts\/72852\/revisions"}],"predecessor-version":[{"id":72853,"href":"https:\/\/eldiariodesanpedro.com.ar\/sitio\/wp-json\/wp\/v2\/posts\/72852\/revisions\/72853"}],"wp:featuredmedia":[{"embeddable":true,"href":"https:\/\/eldiariodesanpedro.com.ar\/sitio\/wp-json\/wp\/v2\/media\/72529"}],"wp:attachment":[{"href":"https:\/\/eldiariodesanpedro.com.ar\/sitio\/wp-json\/wp\/v2\/media?parent=72852"}],"wp:term":[{"taxonomy":"category","embeddable":true,"href":"https:\/\/eldiariodesanpedro.com.ar\/sitio\/wp-json\/wp\/v2\/categories?post=72852"},{"taxonomy":"post_tag","embeddable":true,"href":"https:\/\/eldiariodesanpedro.com.ar\/sitio\/wp-json\/wp\/v2\/tags?post=72852"}],"curies":[{"name":"wp","href":"https:\/\/api.w.org\/{rel}","templated":true}]}}