{"id":72850,"date":"2020-04-30T11:57:46","date_gmt":"2020-04-30T14:57:46","guid":{"rendered":"https:\/\/eldiariodesanpedro.com.ar\/sitio\/?p=72850"},"modified":"2020-04-30T11:57:50","modified_gmt":"2020-04-30T14:57:50","slug":"herido-de-arma-blanca-trasladado-al-hospital-general-rodriguez","status":"publish","type":"post","link":"https:\/\/eldiariodesanpedro.com.ar\/sitio\/herido-de-arma-blanca-trasladado-al-hospital-general-rodriguez\/","title":{"rendered":"Herido de arma blanca trasladado al Hospital General Rodr\u00edguez"},"content":{"rendered":"<!-- VideographyWP Plugin Message: Automatic video embedding prevented by plugin options. -->\n\n<p>La polic\u00eda de nuestra ciudad debi\u00f3 hacerse presente en el nosocomio local donde se recibi\u00f3 una persona herida por un arma blanca.<\/p>\n\n\n\n<p>En horas de la noche de este jueves se recibi\u00f3 en el nosocomio local Emilio Ruffa un herido de arma blanca proveniente del barrio Hermano Indio.<\/p>\n\n\n\n<p>El ciudadano de 29 a\u00f1os de edad quien se encontraba en una vivienda ubicada en calle Hermano Indio al 800 por causas que se tratan de establecer es asestado con un corte en uno de sus brazos por uno de los miembro de la familia.<\/p>\n\n\n\n<p>Tras ser trasladado a la guardia se determin\u00f3 que el paciente presenta una herida cortante en regi\u00f3n anterior de pliegue del codo derecho con compromiso vascular.&nbsp;<\/p>\n\n\n\n<p>La lesi\u00f3n es determinada de car\u00e1cter grave pero no por comprometer su vida, sino por el tiempo de recuperaci\u00f3n que llevar\u00e1 m\u00e1s de 30 d\u00edas, por lo que fue trasladado al hospital General Rodr\u00edguez de Vicente L\u00f3pez.<\/p>\n\n\n\n<p>La v\u00edctima al ser entrevistado por efectivos policiales se neg\u00f3 a dar determinaciones de lo sucedido, como tampoco indic\u00f3 puntualmente quien ser\u00eda el agresor. Por otra parte efectivos se acercaron al domicilio para tomar testimonios de los testigos para la investigaci\u00f3n del hecho.<\/p>\n","protected":false},"excerpt":{"rendered":"<p>La polic\u00eda de nuestra ciudad debi\u00f3 hacerse presente en el nosocomio local donde se recibi\u00f3 una persona herida por un arma blanca. En horas de la noche de este jueves se recibi\u00f3 en el nosocomio local Emilio Ruffa un herido de arma blanca proveniente del barrio Hermano Indio. El ciudadano de 29 a\u00f1os de edad [&hellip;]<\/p>\n","protected":false},"author":4,"featured_media":62308,"comment_status":"open","ping_status":"closed","sticky":false,"template":"","format":"standard","meta":{"om_disable_all_campaigns":false,"_jetpack_memberships_contains_paid_content":false,"footnotes":""},"categories":[50,2,103],"tags":[918,197,618,95],"class_list":["post-72850","post","type-post","status-publish","format-standard","has-post-thumbnail","hentry","category-destacadas","category-locales","category-policiales-locales","tag-arma-blanca","tag-buenos-aires","tag-herido","tag-policiales"],"aioseo_notices":[],"gutentor_comment":0,"jetpack_featured_media_url":"https:\/\/eldiariodesanpedro.com.ar\/sitio\/wp-content\/uploads\/2019\/10\/guardia-1.jpg","jetpack_shortlink":"https:\/\/wp.me\/p6RhLt-iX0","jetpack_sharing_enabled":true,"_links":{"self":[{"href":"https:\/\/eldiariodesanpedro.com.ar\/sitio\/wp-json\/wp\/v2\/posts\/72850","targetHints":{"allow":["GET"]}}],"collection":[{"href":"https:\/\/eldiariodesanpedro.com.ar\/sitio\/wp-json\/wp\/v2\/posts"}],"about":[{"href":"https:\/\/eldiariodesanpedro.com.ar\/sitio\/wp-json\/wp\/v2\/types\/post"}],"author":[{"embeddable":true,"href":"https:\/\/eldiariodesanpedro.com.ar\/sitio\/wp-json\/wp\/v2\/users\/4"}],"replies":[{"embeddable":true,"href":"https:\/\/eldiariodesanpedro.com.ar\/sitio\/wp-json\/wp\/v2\/comments?post=72850"}],"version-history":[{"count":1,"href":"https:\/\/eldiariodesanpedro.com.ar\/sitio\/wp-json\/wp\/v2\/posts\/72850\/revisions"}],"predecessor-version":[{"id":72851,"href":"https:\/\/eldiariodesanpedro.com.ar\/sitio\/wp-json\/wp\/v2\/posts\/72850\/revisions\/72851"}],"wp:featuredmedia":[{"embeddable":true,"href":"https:\/\/eldiariodesanpedro.com.ar\/sitio\/wp-json\/wp\/v2\/media\/62308"}],"wp:attachment":[{"href":"https:\/\/eldiariodesanpedro.com.ar\/sitio\/wp-json\/wp\/v2\/media?parent=72850"}],"wp:term":[{"taxonomy":"category","embeddable":true,"href":"https:\/\/eldiariodesanpedro.com.ar\/sitio\/wp-json\/wp\/v2\/categories?post=72850"},{"taxonomy":"post_tag","embeddable":true,"href":"https:\/\/eldiariodesanpedro.com.ar\/sitio\/wp-json\/wp\/v2\/tags?post=72850"}],"curies":[{"name":"wp","href":"https:\/\/api.w.org\/{rel}","templated":true}]}}