{"id":72846,"date":"2020-04-30T11:25:00","date_gmt":"2020-04-30T14:25:00","guid":{"rendered":"https:\/\/eldiariodesanpedro.com.ar\/sitio\/?p=72846"},"modified":"2020-04-30T11:25:04","modified_gmt":"2020-04-30T14:25:04","slug":"denuncia-por-violencia-animal-en-un-equino","status":"publish","type":"post","link":"https:\/\/eldiariodesanpedro.com.ar\/sitio\/denuncia-por-violencia-animal-en-un-equino\/","title":{"rendered":"Denuncia por violencia animal en un equino"},"content":{"rendered":"<!-- VideographyWP Plugin Message: Automatic video embedding prevented by plugin options. -->\n\n<p>En la jornada de mi\u00e9rcoles pasado se recibi\u00f3 la denuncia de un ciudadano de 32 a\u00f1os de edad en la comisar\u00eda local.<\/p>\n\n\n\n<p>El sujeto denuncia que autores ignorados ingresaron a fina ubicada en Calle 66 al 700 y provocaron lesiones en un caballo de su propiedad ocasionando una herida de 5 cm, sin motivo alguno.<\/p>\n","protected":false},"excerpt":{"rendered":"<p>En la jornada de mi\u00e9rcoles pasado se recibi\u00f3 la denuncia de un ciudadano de 32 a\u00f1os de edad en la comisar\u00eda local. El sujeto denuncia que autores ignorados ingresaron a fina ubicada en Calle 66 al 700 y provocaron lesiones en un caballo de su propiedad ocasionando una herida de 5 cm, sin motivo alguno.<\/p>\n","protected":false},"author":4,"featured_media":71475,"comment_status":"open","ping_status":"closed","sticky":false,"template":"","format":"standard","meta":{"om_disable_all_campaigns":false,"_jetpack_memberships_contains_paid_content":false,"footnotes":""},"categories":[2,103],"tags":[197,618,33,95,19,913],"class_list":["post-72846","post","type-post","status-publish","format-standard","has-post-thumbnail","hentry","category-locales","category-policiales-locales","tag-buenos-aires","tag-herido","tag-locales","tag-policiales","tag-san-pedro","tag-violencia-animal"],"aioseo_notices":[],"gutentor_comment":0,"jetpack_featured_media_url":"https:\/\/eldiariodesanpedro.com.ar\/sitio\/wp-content\/uploads\/2020\/04\/patrullero-policial1.jpg","jetpack_shortlink":"https:\/\/wp.me\/p6RhLt-iWW","jetpack_sharing_enabled":true,"_links":{"self":[{"href":"https:\/\/eldiariodesanpedro.com.ar\/sitio\/wp-json\/wp\/v2\/posts\/72846","targetHints":{"allow":["GET"]}}],"collection":[{"href":"https:\/\/eldiariodesanpedro.com.ar\/sitio\/wp-json\/wp\/v2\/posts"}],"about":[{"href":"https:\/\/eldiariodesanpedro.com.ar\/sitio\/wp-json\/wp\/v2\/types\/post"}],"author":[{"embeddable":true,"href":"https:\/\/eldiariodesanpedro.com.ar\/sitio\/wp-json\/wp\/v2\/users\/4"}],"replies":[{"embeddable":true,"href":"https:\/\/eldiariodesanpedro.com.ar\/sitio\/wp-json\/wp\/v2\/comments?post=72846"}],"version-history":[{"count":1,"href":"https:\/\/eldiariodesanpedro.com.ar\/sitio\/wp-json\/wp\/v2\/posts\/72846\/revisions"}],"predecessor-version":[{"id":72847,"href":"https:\/\/eldiariodesanpedro.com.ar\/sitio\/wp-json\/wp\/v2\/posts\/72846\/revisions\/72847"}],"wp:featuredmedia":[{"embeddable":true,"href":"https:\/\/eldiariodesanpedro.com.ar\/sitio\/wp-json\/wp\/v2\/media\/71475"}],"wp:attachment":[{"href":"https:\/\/eldiariodesanpedro.com.ar\/sitio\/wp-json\/wp\/v2\/media?parent=72846"}],"wp:term":[{"taxonomy":"category","embeddable":true,"href":"https:\/\/eldiariodesanpedro.com.ar\/sitio\/wp-json\/wp\/v2\/categories?post=72846"},{"taxonomy":"post_tag","embeddable":true,"href":"https:\/\/eldiariodesanpedro.com.ar\/sitio\/wp-json\/wp\/v2\/tags?post=72846"}],"curies":[{"name":"wp","href":"https:\/\/api.w.org\/{rel}","templated":true}]}}