{"id":72844,"date":"2020-04-30T11:19:00","date_gmt":"2020-04-30T14:19:00","guid":{"rendered":"https:\/\/eldiariodesanpedro.com.ar\/sitio\/?p=72844"},"modified":"2020-04-30T11:19:04","modified_gmt":"2020-04-30T14:19:04","slug":"un-aprehendido-por-causar-danos-en-vivienda","status":"publish","type":"post","link":"https:\/\/eldiariodesanpedro.com.ar\/sitio\/un-aprehendido-por-causar-danos-en-vivienda\/","title":{"rendered":"Un aprehendido por causar da\u00f1os en vivienda"},"content":{"rendered":"<!-- VideographyWP Plugin Message: Automatic video embedding prevented by plugin options. -->\n\n<p>Esta ma\u00f1ana de jueves en la primera horas el personal policial se hace presente en una vivienda de Av. Sarmiento al 300 donde realiza la aprehensi\u00f3n de un joven de 24 a\u00f1os de edad.&nbsp;<\/p>\n\n\n\n<p>Este Individuo se daba a la fuga tras momentos antes haber violentado causando da\u00f1os a un domicilio aleda\u00f1o propiedad de un ciudadano de 79 a\u00f1os de edad.<\/p>\n","protected":false},"excerpt":{"rendered":"<p>Esta ma\u00f1ana de jueves en la primera horas el personal policial se hace presente en una vivienda de Av. Sarmiento al 300 donde realiza la aprehensi\u00f3n de un joven de 24 a\u00f1os de edad.&nbsp; Este Individuo se daba a la fuga tras momentos antes haber violentado causando da\u00f1os a un domicilio aleda\u00f1o propiedad de un [&hellip;]<\/p>\n","protected":false},"author":4,"featured_media":72712,"comment_status":"open","ping_status":"closed","sticky":false,"template":"","format":"standard","meta":{"om_disable_all_campaigns":false,"_jetpack_memberships_contains_paid_content":false,"footnotes":""},"categories":[2,103],"tags":[845,912,348,95],"class_list":["post-72844","post","type-post","status-publish","format-standard","has-post-thumbnail","hentry","category-locales","category-policiales-locales","tag-aprehendido","tag-danos","tag-delincuente","tag-policiales"],"aioseo_notices":[],"gutentor_comment":0,"jetpack_featured_media_url":"https:\/\/eldiariodesanpedro.com.ar\/sitio\/wp-content\/uploads\/2020\/04\/policia.jpg","jetpack_shortlink":"https:\/\/wp.me\/p6RhLt-iWU","jetpack_sharing_enabled":true,"_links":{"self":[{"href":"https:\/\/eldiariodesanpedro.com.ar\/sitio\/wp-json\/wp\/v2\/posts\/72844","targetHints":{"allow":["GET"]}}],"collection":[{"href":"https:\/\/eldiariodesanpedro.com.ar\/sitio\/wp-json\/wp\/v2\/posts"}],"about":[{"href":"https:\/\/eldiariodesanpedro.com.ar\/sitio\/wp-json\/wp\/v2\/types\/post"}],"author":[{"embeddable":true,"href":"https:\/\/eldiariodesanpedro.com.ar\/sitio\/wp-json\/wp\/v2\/users\/4"}],"replies":[{"embeddable":true,"href":"https:\/\/eldiariodesanpedro.com.ar\/sitio\/wp-json\/wp\/v2\/comments?post=72844"}],"version-history":[{"count":1,"href":"https:\/\/eldiariodesanpedro.com.ar\/sitio\/wp-json\/wp\/v2\/posts\/72844\/revisions"}],"predecessor-version":[{"id":72845,"href":"https:\/\/eldiariodesanpedro.com.ar\/sitio\/wp-json\/wp\/v2\/posts\/72844\/revisions\/72845"}],"wp:featuredmedia":[{"embeddable":true,"href":"https:\/\/eldiariodesanpedro.com.ar\/sitio\/wp-json\/wp\/v2\/media\/72712"}],"wp:attachment":[{"href":"https:\/\/eldiariodesanpedro.com.ar\/sitio\/wp-json\/wp\/v2\/media?parent=72844"}],"wp:term":[{"taxonomy":"category","embeddable":true,"href":"https:\/\/eldiariodesanpedro.com.ar\/sitio\/wp-json\/wp\/v2\/categories?post=72844"},{"taxonomy":"post_tag","embeddable":true,"href":"https:\/\/eldiariodesanpedro.com.ar\/sitio\/wp-json\/wp\/v2\/tags?post=72844"}],"curies":[{"name":"wp","href":"https:\/\/api.w.org\/{rel}","templated":true}]}}