{"id":7284,"date":"2016-08-18T20:43:01","date_gmt":"2016-08-18T23:43:01","guid":{"rendered":"https:\/\/eldiariodesanpedro.com.ar\/sitio\/?p=7284"},"modified":"2016-08-18T20:43:01","modified_gmt":"2016-08-18T23:43:01","slug":"festejo-del-dia-del-nino","status":"publish","type":"post","link":"https:\/\/eldiariodesanpedro.com.ar\/sitio\/festejo-del-dia-del-nino\/","title":{"rendered":"Festejo del D\u00eda del Ni\u00f1o"},"content":{"rendered":"<p><!-- VideographyWP Plugin Message: Automatic video embedding prevented by plugin options. --><br \/>\nCon la coordinaci\u00f3n de la Secretar\u00eda de Desarrollo Humano y la participaci\u00f3n de la Direcci\u00f3n de Cultura, de Deportes, Comisiones de Fomento, Educaci\u00f3n, CEF y referentes barriales, se celebrar\u00e1 el D\u00eda del Ni\u00f1o, este s\u00e1bado 20 de agosto en el Paseo P\u00fablico. A partir de las 14:30 horas habr\u00e1 juegos, exhibiciones y shows.<br \/>\nAsimismo, el domingo 21 se realizar\u00e1n en las localidades de Gobernador Castro, Santa Luc\u00eda, Bajo Tala y Vuelta de Obligado.<\/p>\n","protected":false},"excerpt":{"rendered":"<p>Con la coordinaci\u00f3n de la Secretar\u00eda de Desarrollo Humano y la participaci\u00f3n de la Direcci\u00f3n de Cultura, de Deportes, Comisiones de Fomento, Educaci\u00f3n, CEF y referentes barriales, se celebrar\u00e1 el D\u00eda del Ni\u00f1o, este s\u00e1bado 20 de agosto en el Paseo P\u00fablico. A partir de las 14:30 horas habr\u00e1 juegos, exhibiciones y shows. Asimismo, el [&hellip;]<\/p>\n","protected":false},"author":4,"featured_media":7285,"comment_status":"open","ping_status":"closed","sticky":false,"template":"","format":"standard","meta":{"om_disable_all_campaigns":false,"_jetpack_memberships_contains_paid_content":false,"footnotes":""},"categories":[101,2],"tags":[],"class_list":["post-7284","post","type-post","status-publish","format-standard","has-post-thumbnail","hentry","category-interes-general-locales","category-locales"],"aioseo_notices":[],"gutentor_comment":0,"jetpack_featured_media_url":"https:\/\/eldiariodesanpedro.com.ar\/sitio\/wp-content\/uploads\/2016\/08\/festejodos1508.jpg","jetpack_shortlink":"https:\/\/wp.me\/p6RhLt-1Tu","jetpack_sharing_enabled":true,"_links":{"self":[{"href":"https:\/\/eldiariodesanpedro.com.ar\/sitio\/wp-json\/wp\/v2\/posts\/7284","targetHints":{"allow":["GET"]}}],"collection":[{"href":"https:\/\/eldiariodesanpedro.com.ar\/sitio\/wp-json\/wp\/v2\/posts"}],"about":[{"href":"https:\/\/eldiariodesanpedro.com.ar\/sitio\/wp-json\/wp\/v2\/types\/post"}],"author":[{"embeddable":true,"href":"https:\/\/eldiariodesanpedro.com.ar\/sitio\/wp-json\/wp\/v2\/users\/4"}],"replies":[{"embeddable":true,"href":"https:\/\/eldiariodesanpedro.com.ar\/sitio\/wp-json\/wp\/v2\/comments?post=7284"}],"version-history":[{"count":1,"href":"https:\/\/eldiariodesanpedro.com.ar\/sitio\/wp-json\/wp\/v2\/posts\/7284\/revisions"}],"predecessor-version":[{"id":7286,"href":"https:\/\/eldiariodesanpedro.com.ar\/sitio\/wp-json\/wp\/v2\/posts\/7284\/revisions\/7286"}],"wp:featuredmedia":[{"embeddable":true,"href":"https:\/\/eldiariodesanpedro.com.ar\/sitio\/wp-json\/wp\/v2\/media\/7285"}],"wp:attachment":[{"href":"https:\/\/eldiariodesanpedro.com.ar\/sitio\/wp-json\/wp\/v2\/media?parent=7284"}],"wp:term":[{"taxonomy":"category","embeddable":true,"href":"https:\/\/eldiariodesanpedro.com.ar\/sitio\/wp-json\/wp\/v2\/categories?post=7284"},{"taxonomy":"post_tag","embeddable":true,"href":"https:\/\/eldiariodesanpedro.com.ar\/sitio\/wp-json\/wp\/v2\/tags?post=7284"}],"curies":[{"name":"wp","href":"https:\/\/api.w.org\/{rel}","templated":true}]}}