{"id":72830,"date":"2020-04-30T10:41:20","date_gmt":"2020-04-30T13:41:20","guid":{"rendered":"https:\/\/eldiariodesanpedro.com.ar\/sitio\/?p=72830"},"modified":"2020-04-30T10:41:24","modified_gmt":"2020-04-30T13:41:24","slug":"hoy-cobran-el-ife-las-personas-con-documentos-terminados-en-7-y-que-eligieron-su-pago-por-cbu","status":"publish","type":"post","link":"https:\/\/eldiariodesanpedro.com.ar\/sitio\/hoy-cobran-el-ife-las-personas-con-documentos-terminados-en-7-y-que-eligieron-su-pago-por-cbu\/","title":{"rendered":"Hoy cobran el IFE las personas con documentos terminados en 7 y que eligieron su pago por CBU"},"content":{"rendered":"<!-- VideographyWP Plugin Message: Automatic video embedding prevented by plugin options. -->\n\n<p><em>La ANSES informa que, ma\u00f1ana,&nbsp;<strong>jueves 30 de abril<\/strong>, se les acreditar\u00e1n los 10.000 pesos del Ingreso Familiar de Emergencia (IFE) a las personas&nbsp;<strong>cuyo documento finaliza en 7<\/strong>, se inscribieron entre el 27 y 31 de marzo y seleccionaron la opci\u00f3n de cobro por CBU del 11 al 15 de abril pasados.&nbsp;&nbsp;\u200b<\/em><\/p>\n\n\n\n<p>En total, el monto que se pagar\u00e1 en esta primera etapa es de 9765 millones de pesos, que impacta en casi un mill\u00f3n de personas a las que se les acreditar\u00e1 el dinero en sus cuentas de acuerdo con el n\u00famero de terminaci\u00f3n de sus DNI, a raz\u00f3n de un d\u00edgito por d\u00eda h\u00e1bil.&nbsp;<strong>Este ingreso excepcional deber\u00e1 ser retirado -tal como se hace habitualmente- de los cajeros autom\u00e1ticos utilizando la tarjeta de d\u00e9bito<\/strong>.<\/p>\n\n\n\n<p>El cronograma, que se detalla m\u00e1s abajo, no incluye a las personas que eligieron otros medios de cobro del 16 al 20 de abril.<\/p>\n\n\n\n<p>El esquema de pago contin\u00faa de la siguiente manera: lunes 4 de mayo, documentos terminados en 8 y martes 5 de mayo, en 9.\u200b<\/p>\n","protected":false},"excerpt":{"rendered":"<p>La ANSES informa que, ma\u00f1ana,&nbsp;jueves 30 de abril, se les acreditar\u00e1n los 10.000 pesos del Ingreso Familiar de Emergencia (IFE) a las personas&nbsp;cuyo documento finaliza en 7, se inscribieron entre el 27 y 31 de marzo y seleccionaron la opci\u00f3n de cobro por CBU del 11 al 15 de abril pasados.&nbsp;&nbsp;\u200b En total, el monto [&hellip;]<\/p>\n","protected":false},"author":4,"featured_media":72304,"comment_status":"open","ping_status":"closed","sticky":false,"template":"","format":"standard","meta":{"om_disable_all_campaigns":false,"_jetpack_memberships_contains_paid_content":false,"footnotes":""},"categories":[101,2],"tags":[602,197,904,905,879,696,33,19],"class_list":["post-72830","post","type-post","status-publish","format-standard","has-post-thumbnail","hentry","category-interes-general-locales","category-locales","tag-anses","tag-buenos-aires","tag-cobro","tag-dni-7","tag-ife","tag-interes-general","tag-locales","tag-san-pedro"],"aioseo_notices":[],"gutentor_comment":0,"jetpack_featured_media_url":"https:\/\/eldiariodesanpedro.com.ar\/sitio\/wp-content\/uploads\/2020\/04\/7UX43JWCHNDJRLLZWBOQGULLCM.jpg","jetpack_shortlink":"https:\/\/wp.me\/p6RhLt-iWG","jetpack_sharing_enabled":true,"_links":{"self":[{"href":"https:\/\/eldiariodesanpedro.com.ar\/sitio\/wp-json\/wp\/v2\/posts\/72830","targetHints":{"allow":["GET"]}}],"collection":[{"href":"https:\/\/eldiariodesanpedro.com.ar\/sitio\/wp-json\/wp\/v2\/posts"}],"about":[{"href":"https:\/\/eldiariodesanpedro.com.ar\/sitio\/wp-json\/wp\/v2\/types\/post"}],"author":[{"embeddable":true,"href":"https:\/\/eldiariodesanpedro.com.ar\/sitio\/wp-json\/wp\/v2\/users\/4"}],"replies":[{"embeddable":true,"href":"https:\/\/eldiariodesanpedro.com.ar\/sitio\/wp-json\/wp\/v2\/comments?post=72830"}],"version-history":[{"count":1,"href":"https:\/\/eldiariodesanpedro.com.ar\/sitio\/wp-json\/wp\/v2\/posts\/72830\/revisions"}],"predecessor-version":[{"id":72831,"href":"https:\/\/eldiariodesanpedro.com.ar\/sitio\/wp-json\/wp\/v2\/posts\/72830\/revisions\/72831"}],"wp:featuredmedia":[{"embeddable":true,"href":"https:\/\/eldiariodesanpedro.com.ar\/sitio\/wp-json\/wp\/v2\/media\/72304"}],"wp:attachment":[{"href":"https:\/\/eldiariodesanpedro.com.ar\/sitio\/wp-json\/wp\/v2\/media?parent=72830"}],"wp:term":[{"taxonomy":"category","embeddable":true,"href":"https:\/\/eldiariodesanpedro.com.ar\/sitio\/wp-json\/wp\/v2\/categories?post=72830"},{"taxonomy":"post_tag","embeddable":true,"href":"https:\/\/eldiariodesanpedro.com.ar\/sitio\/wp-json\/wp\/v2\/tags?post=72830"}],"curies":[{"name":"wp","href":"https:\/\/api.w.org\/{rel}","templated":true}]}}