{"id":72820,"date":"2020-04-29T18:40:43","date_gmt":"2020-04-29T21:40:43","guid":{"rendered":"https:\/\/eldiariodesanpedro.com.ar\/sitio\/?p=72820"},"modified":"2020-04-29T18:40:46","modified_gmt":"2020-04-29T21:40:46","slug":"la-fundacion-te-doy-una-mano-dono-30-mascaras-al-hospital","status":"publish","type":"post","link":"https:\/\/eldiariodesanpedro.com.ar\/sitio\/la-fundacion-te-doy-una-mano-dono-30-mascaras-al-hospital\/","title":{"rendered":"La Fundaci\u00f3n Te Doy Una Mano don\u00f3 30 m\u00e1scaras al Hospital"},"content":{"rendered":"<!-- VideographyWP Plugin Message: Automatic video embedding prevented by plugin options. -->\n\n<p>La Fundaci\u00f3n \u00abTe Doy una Mano\u00bb, un emprendimiento familiar solidario a trav\u00e9s del cual se confeccionan y entregan pr\u00f3tesis ortop\u00e9dicas fabricados con impresoras 3D, contactado a trav\u00e9s de una familia sampedrina, acerc\u00f3 una donaci\u00f3n de 25 m\u00e1scaras protectoras y 5 m\u00e1scaras de acetato, para el personal de salud.<\/p>\n\n\n\n<p>Ger\u00f3nimo y Guillermo Cabrera entregaron al Administrador del Hospital Silvio Jaime este aporte sumamente valioso que se suma a la lista de gestos y acciones solidarias con las que vienen recorriendo el pa\u00eds.<\/p>\n\n\n\n<p>Desde la Municipalidad de San Pedro y especialmente desde el Hospital se comparte p\u00fablicamente este agradecimiento por tan noble actitud, a la familia Szuchman, que gener\u00f3 el contacto y a quienes son parte de esta organizaci\u00f3n a la que pueden contribuir todos los que lo deseen a trav\u00e9s de sus redes sociales.<\/p>\n","protected":false},"excerpt":{"rendered":"<p>La Fundaci\u00f3n \u00abTe Doy una Mano\u00bb, un emprendimiento familiar solidario a trav\u00e9s del cual se confeccionan y entregan pr\u00f3tesis ortop\u00e9dicas fabricados con impresoras 3D, contactado a trav\u00e9s de una familia sampedrina, acerc\u00f3 una donaci\u00f3n de 25 m\u00e1scaras protectoras y 5 m\u00e1scaras de acetato, para el personal de salud. Ger\u00f3nimo y Guillermo Cabrera entregaron al Administrador [&hellip;]<\/p>\n","protected":false},"author":4,"featured_media":72822,"comment_status":"open","ping_status":"closed","sticky":false,"template":"","format":"standard","meta":{"om_disable_all_campaigns":false,"_jetpack_memberships_contains_paid_content":false,"footnotes":""},"categories":[50,101,2],"tags":[197,808,903,900,33,902,901],"class_list":["post-72820","post","type-post","status-publish","format-standard","has-post-thumbnail","hentry","category-destacadas","category-interes-general-locales","category-locales","tag-buenos-aires","tag-coronavirus","tag-donacion","tag-fundacion","tag-locales","tag-mascaras","tag-te-doy-una-mano"],"aioseo_notices":[],"gutentor_comment":0,"jetpack_featured_media_url":"https:\/\/eldiariodesanpedro.com.ar\/sitio\/wp-content\/uploads\/2020\/04\/95260080_2946433298784659_473880462075363328_n.jpg","jetpack_shortlink":"https:\/\/wp.me\/p6RhLt-iWw","jetpack_sharing_enabled":true,"_links":{"self":[{"href":"https:\/\/eldiariodesanpedro.com.ar\/sitio\/wp-json\/wp\/v2\/posts\/72820","targetHints":{"allow":["GET"]}}],"collection":[{"href":"https:\/\/eldiariodesanpedro.com.ar\/sitio\/wp-json\/wp\/v2\/posts"}],"about":[{"href":"https:\/\/eldiariodesanpedro.com.ar\/sitio\/wp-json\/wp\/v2\/types\/post"}],"author":[{"embeddable":true,"href":"https:\/\/eldiariodesanpedro.com.ar\/sitio\/wp-json\/wp\/v2\/users\/4"}],"replies":[{"embeddable":true,"href":"https:\/\/eldiariodesanpedro.com.ar\/sitio\/wp-json\/wp\/v2\/comments?post=72820"}],"version-history":[{"count":1,"href":"https:\/\/eldiariodesanpedro.com.ar\/sitio\/wp-json\/wp\/v2\/posts\/72820\/revisions"}],"predecessor-version":[{"id":72825,"href":"https:\/\/eldiariodesanpedro.com.ar\/sitio\/wp-json\/wp\/v2\/posts\/72820\/revisions\/72825"}],"wp:featuredmedia":[{"embeddable":true,"href":"https:\/\/eldiariodesanpedro.com.ar\/sitio\/wp-json\/wp\/v2\/media\/72822"}],"wp:attachment":[{"href":"https:\/\/eldiariodesanpedro.com.ar\/sitio\/wp-json\/wp\/v2\/media?parent=72820"}],"wp:term":[{"taxonomy":"category","embeddable":true,"href":"https:\/\/eldiariodesanpedro.com.ar\/sitio\/wp-json\/wp\/v2\/categories?post=72820"},{"taxonomy":"post_tag","embeddable":true,"href":"https:\/\/eldiariodesanpedro.com.ar\/sitio\/wp-json\/wp\/v2\/tags?post=72820"}],"curies":[{"name":"wp","href":"https:\/\/api.w.org\/{rel}","templated":true}]}}