{"id":7281,"date":"2016-08-18T20:38:58","date_gmt":"2016-08-18T23:38:58","guid":{"rendered":"https:\/\/eldiariodesanpedro.com.ar\/sitio\/?p=7281"},"modified":"2016-08-18T20:38:58","modified_gmt":"2016-08-18T23:38:58","slug":"relevamiento-en-los-barrios","status":"publish","type":"post","link":"https:\/\/eldiariodesanpedro.com.ar\/sitio\/relevamiento-en-los-barrios\/","title":{"rendered":"Relevamiento en los barrios"},"content":{"rendered":"<p><!-- VideographyWP Plugin Message: Automatic video embedding prevented by plugin options. --><br \/>\nHoy profesionales de las secretar\u00edas de Desarrollo Humano y de Salud continuar\u00e1n relevando los barrios cercanos al Centro Integrador Comunitario (CIC), que comprende el per\u00edmetro entre las calles Hno. Indio, Dr. Casella, Benefactora Sampedrina y Brennan.<br \/>\nEl objetivo de esta acci\u00f3n conjunta es detectar la situaci\u00f3n en la que se encuentran las familias del barrio, en relaci\u00f3n a servicios en sus hogares, condiciones de salud, entre otros factores que puedan requerir asistencia inmediata.<\/p>\n","protected":false},"excerpt":{"rendered":"<p>Hoy profesionales de las secretar\u00edas de Desarrollo Humano y de Salud continuar\u00e1n relevando los barrios cercanos al Centro Integrador Comunitario (CIC), que comprende el per\u00edmetro entre las calles Hno. Indio, Dr. Casella, Benefactora Sampedrina y Brennan. El objetivo de esta acci\u00f3n conjunta es detectar la situaci\u00f3n en la que se encuentran las familias del barrio, [&hellip;]<\/p>\n","protected":false},"author":4,"featured_media":7282,"comment_status":"open","ping_status":"closed","sticky":false,"template":"","format":"standard","meta":{"om_disable_all_campaigns":false,"_jetpack_memberships_contains_paid_content":false,"footnotes":""},"categories":[101,2],"tags":[],"class_list":["post-7281","post","type-post","status-publish","format-standard","has-post-thumbnail","hentry","category-interes-general-locales","category-locales"],"aioseo_notices":[],"gutentor_comment":0,"jetpack_featured_media_url":"https:\/\/eldiariodesanpedro.com.ar\/sitio\/wp-content\/uploads\/2016\/08\/cic.jpg","jetpack_shortlink":"https:\/\/wp.me\/p6RhLt-1Tr","jetpack_sharing_enabled":true,"_links":{"self":[{"href":"https:\/\/eldiariodesanpedro.com.ar\/sitio\/wp-json\/wp\/v2\/posts\/7281","targetHints":{"allow":["GET"]}}],"collection":[{"href":"https:\/\/eldiariodesanpedro.com.ar\/sitio\/wp-json\/wp\/v2\/posts"}],"about":[{"href":"https:\/\/eldiariodesanpedro.com.ar\/sitio\/wp-json\/wp\/v2\/types\/post"}],"author":[{"embeddable":true,"href":"https:\/\/eldiariodesanpedro.com.ar\/sitio\/wp-json\/wp\/v2\/users\/4"}],"replies":[{"embeddable":true,"href":"https:\/\/eldiariodesanpedro.com.ar\/sitio\/wp-json\/wp\/v2\/comments?post=7281"}],"version-history":[{"count":1,"href":"https:\/\/eldiariodesanpedro.com.ar\/sitio\/wp-json\/wp\/v2\/posts\/7281\/revisions"}],"predecessor-version":[{"id":7283,"href":"https:\/\/eldiariodesanpedro.com.ar\/sitio\/wp-json\/wp\/v2\/posts\/7281\/revisions\/7283"}],"wp:featuredmedia":[{"embeddable":true,"href":"https:\/\/eldiariodesanpedro.com.ar\/sitio\/wp-json\/wp\/v2\/media\/7282"}],"wp:attachment":[{"href":"https:\/\/eldiariodesanpedro.com.ar\/sitio\/wp-json\/wp\/v2\/media?parent=7281"}],"wp:term":[{"taxonomy":"category","embeddable":true,"href":"https:\/\/eldiariodesanpedro.com.ar\/sitio\/wp-json\/wp\/v2\/categories?post=7281"},{"taxonomy":"post_tag","embeddable":true,"href":"https:\/\/eldiariodesanpedro.com.ar\/sitio\/wp-json\/wp\/v2\/tags?post=7281"}],"curies":[{"name":"wp","href":"https:\/\/api.w.org\/{rel}","templated":true}]}}