{"id":72808,"date":"2020-04-29T12:53:50","date_gmt":"2020-04-29T15:53:50","guid":{"rendered":"https:\/\/eldiariodesanpedro.com.ar\/sitio\/?p=72808"},"modified":"2020-04-29T12:53:54","modified_gmt":"2020-04-29T15:53:54","slug":"denuncia-por-hostigamiento-y-amenazas","status":"publish","type":"post","link":"https:\/\/eldiariodesanpedro.com.ar\/sitio\/denuncia-por-hostigamiento-y-amenazas\/","title":{"rendered":"Denuncia por hostigamiento y amenazas"},"content":{"rendered":"<!-- VideographyWP Plugin Message: Automatic video embedding prevented by plugin options. -->\n\n<p>Este martes se recibi\u00f3 en la comisar\u00eda local la denuncia de un ciudadano mayor de edad oriundo del barrio Malvinas.<\/p>\n\n\n\n<p>El hombre se acerc\u00f3 a declarar que ya hace un tiempo se encuentra sufriendo amenazas y hostigamiento por parte de un ciudadano vecino de su domicilio quien lo ha dejado en paz.<\/p>\n\n\n\n<p>El agresor aprovechando los momentos que el denunciante se dirige hacia donde toma el transporte para ir a su lugar de trabajo y lo sigue manifestando amenazas.<\/p>\n\n\n\n<p>Seg\u00fan declaraci\u00f3n estos problemas viene por un conflicto de vieja data.<\/p>\n","protected":false},"excerpt":{"rendered":"<p>Este martes se recibi\u00f3 en la comisar\u00eda local la denuncia de un ciudadano mayor de edad oriundo del barrio Malvinas. El hombre se acerc\u00f3 a declarar que ya hace un tiempo se encuentra sufriendo amenazas y hostigamiento por parte de un ciudadano vecino de su domicilio quien lo ha dejado en paz. El agresor aprovechando [&hellip;]<\/p>\n","protected":false},"author":4,"featured_media":45394,"comment_status":"open","ping_status":"closed","sticky":false,"template":"","format":"standard","meta":{"om_disable_all_campaigns":false,"_jetpack_memberships_contains_paid_content":false,"footnotes":""},"categories":[2,103],"tags":[778,197,39,892,33,95,19],"class_list":["post-72808","post","type-post","status-publish","format-standard","has-post-thumbnail","hentry","category-locales","category-policiales-locales","tag-amenazas","tag-buenos-aires","tag-denuncia","tag-hostigamiento","tag-locales","tag-policiales","tag-san-pedro"],"aioseo_notices":[],"gutentor_comment":0,"jetpack_featured_media_url":"https:\/\/eldiariodesanpedro.com.ar\/sitio\/wp-content\/uploads\/2019\/01\/comisaria.jpg","jetpack_shortlink":"https:\/\/wp.me\/p6RhLt-iWk","jetpack_sharing_enabled":true,"_links":{"self":[{"href":"https:\/\/eldiariodesanpedro.com.ar\/sitio\/wp-json\/wp\/v2\/posts\/72808","targetHints":{"allow":["GET"]}}],"collection":[{"href":"https:\/\/eldiariodesanpedro.com.ar\/sitio\/wp-json\/wp\/v2\/posts"}],"about":[{"href":"https:\/\/eldiariodesanpedro.com.ar\/sitio\/wp-json\/wp\/v2\/types\/post"}],"author":[{"embeddable":true,"href":"https:\/\/eldiariodesanpedro.com.ar\/sitio\/wp-json\/wp\/v2\/users\/4"}],"replies":[{"embeddable":true,"href":"https:\/\/eldiariodesanpedro.com.ar\/sitio\/wp-json\/wp\/v2\/comments?post=72808"}],"version-history":[{"count":1,"href":"https:\/\/eldiariodesanpedro.com.ar\/sitio\/wp-json\/wp\/v2\/posts\/72808\/revisions"}],"predecessor-version":[{"id":72809,"href":"https:\/\/eldiariodesanpedro.com.ar\/sitio\/wp-json\/wp\/v2\/posts\/72808\/revisions\/72809"}],"wp:featuredmedia":[{"embeddable":true,"href":"https:\/\/eldiariodesanpedro.com.ar\/sitio\/wp-json\/wp\/v2\/media\/45394"}],"wp:attachment":[{"href":"https:\/\/eldiariodesanpedro.com.ar\/sitio\/wp-json\/wp\/v2\/media?parent=72808"}],"wp:term":[{"taxonomy":"category","embeddable":true,"href":"https:\/\/eldiariodesanpedro.com.ar\/sitio\/wp-json\/wp\/v2\/categories?post=72808"},{"taxonomy":"post_tag","embeddable":true,"href":"https:\/\/eldiariodesanpedro.com.ar\/sitio\/wp-json\/wp\/v2\/tags?post=72808"}],"curies":[{"name":"wp","href":"https:\/\/api.w.org\/{rel}","templated":true}]}}