{"id":72806,"date":"2020-04-29T12:42:15","date_gmt":"2020-04-29T15:42:15","guid":{"rendered":"https:\/\/eldiariodesanpedro.com.ar\/sitio\/?p=72806"},"modified":"2020-04-29T12:49:42","modified_gmt":"2020-04-29T15:49:42","slug":"un-hombre-atropelaldo-por-una-camioneta","status":"publish","type":"post","link":"https:\/\/eldiariodesanpedro.com.ar\/sitio\/un-hombre-atropelaldo-por-una-camioneta\/","title":{"rendered":"Un hombre atropelaldo por una camioneta"},"content":{"rendered":"<!-- VideographyWP Plugin Message: Automatic video embedding prevented by plugin options. -->\n\n<p>En horas de la tarde noche, el personal policial de la ciudad alertado por transe\u00fantes momento en que realiza recorrido, se presenta en calle Benefactora Sampedrina y Davila, donde se encuentra masculino mayor de edad, lesionado asistido por varias personas.<\/p>\n\n\n\n<p>Que se logra establecer que el masculino fue embestido por una camioneta pickup desde atr\u00e1s al momento de circular a bordo de su bicicleta, camioneta que se dio a la fuga.&nbsp;<\/p>\n\n\n\n<p>Como consecuencia sufri\u00f3 lesiones de car\u00e1cter leves siendo trasladado al nosocomio local donde recibi\u00f3 las correspondientes atenciones.<\/p>\n","protected":false},"excerpt":{"rendered":"<p>En horas de la tarde noche, el personal policial de la ciudad alertado por transe\u00fantes momento en que realiza recorrido, se presenta en calle Benefactora Sampedrina y Davila, donde se encuentra masculino mayor de edad, lesionado asistido por varias personas. Que se logra establecer que el masculino fue embestido por una camioneta pickup desde atr\u00e1s [&hellip;]<\/p>\n","protected":false},"author":4,"featured_media":72234,"comment_status":"open","ping_status":"closed","sticky":false,"template":"","format":"standard","meta":{"om_disable_all_campaigns":false,"_jetpack_memberships_contains_paid_content":false,"footnotes":""},"categories":[2,103],"tags":[890,692,197,23,254,33,891],"class_list":["post-72806","post","type-post","status-publish","format-standard","has-post-thumbnail","hentry","category-locales","category-policiales-locales","tag-atropellado","tag-bicicleta","tag-buenos-aires","tag-camioneta","tag-hombre","tag-locales","tag-sanpedro"],"aioseo_notices":[],"gutentor_comment":0,"jetpack_featured_media_url":"https:\/\/eldiariodesanpedro.com.ar\/sitio\/wp-content\/uploads\/2020\/04\/94386735_2456112844698928_6179218677670346752_o_658x400.jpg","jetpack_shortlink":"https:\/\/wp.me\/p6RhLt-iWi","jetpack_sharing_enabled":true,"_links":{"self":[{"href":"https:\/\/eldiariodesanpedro.com.ar\/sitio\/wp-json\/wp\/v2\/posts\/72806","targetHints":{"allow":["GET"]}}],"collection":[{"href":"https:\/\/eldiariodesanpedro.com.ar\/sitio\/wp-json\/wp\/v2\/posts"}],"about":[{"href":"https:\/\/eldiariodesanpedro.com.ar\/sitio\/wp-json\/wp\/v2\/types\/post"}],"author":[{"embeddable":true,"href":"https:\/\/eldiariodesanpedro.com.ar\/sitio\/wp-json\/wp\/v2\/users\/4"}],"replies":[{"embeddable":true,"href":"https:\/\/eldiariodesanpedro.com.ar\/sitio\/wp-json\/wp\/v2\/comments?post=72806"}],"version-history":[{"count":1,"href":"https:\/\/eldiariodesanpedro.com.ar\/sitio\/wp-json\/wp\/v2\/posts\/72806\/revisions"}],"predecessor-version":[{"id":72807,"href":"https:\/\/eldiariodesanpedro.com.ar\/sitio\/wp-json\/wp\/v2\/posts\/72806\/revisions\/72807"}],"wp:featuredmedia":[{"embeddable":true,"href":"https:\/\/eldiariodesanpedro.com.ar\/sitio\/wp-json\/wp\/v2\/media\/72234"}],"wp:attachment":[{"href":"https:\/\/eldiariodesanpedro.com.ar\/sitio\/wp-json\/wp\/v2\/media?parent=72806"}],"wp:term":[{"taxonomy":"category","embeddable":true,"href":"https:\/\/eldiariodesanpedro.com.ar\/sitio\/wp-json\/wp\/v2\/categories?post=72806"},{"taxonomy":"post_tag","embeddable":true,"href":"https:\/\/eldiariodesanpedro.com.ar\/sitio\/wp-json\/wp\/v2\/tags?post=72806"}],"curies":[{"name":"wp","href":"https:\/\/api.w.org\/{rel}","templated":true}]}}