{"id":72802,"date":"2020-04-29T12:35:56","date_gmt":"2020-04-29T15:35:56","guid":{"rendered":"https:\/\/eldiariodesanpedro.com.ar\/sitio\/?p=72802"},"modified":"2020-04-29T12:35:57","modified_gmt":"2020-04-29T15:35:57","slug":"robo-de-alimentos-en-el-comedor-depietri","status":"publish","type":"post","link":"https:\/\/eldiariodesanpedro.com.ar\/sitio\/robo-de-alimentos-en-el-comedor-depietri\/","title":{"rendered":"Robo de alimentos en el comedor Depietri"},"content":{"rendered":"<!-- VideographyWP Plugin Message: Automatic video embedding prevented by plugin options. -->\n\n<p>En la ma\u00f1ana de este mi\u00e9rcoles se recibi\u00f3 un llamado telef\u00f3nico al 911 solicitando la presencia de un m\u00f3vil policial para denunciar el robo de mercader\u00edas en un establecimiento educativo.<\/p>\n\n\n\n<p>Al hacerse presente personal policial de la comisar\u00eda de San Pedro en calle San Martin al 2700 se constat\u00f3 que autores ignorados ingresaron al Establecimiento Educativo Depietri tras violentar puerta de acceso principal.<\/p>\n\n\n\n<p>El o los delincuentes sustrajeron \u00fanicamente carne del freezer que se utiliza para dar de comer a los chicos que todos los d\u00edas se hacen presente, para alguno de ellos su \u00fanico alimento diario.<\/p>\n\n\n\n<figure class=\"wp-block-image size-large\"><img decoding=\"async\" width=\"512\" height=\"1024\" data-attachment-id=\"72804\" data-permalink=\"https:\/\/eldiariodesanpedro.com.ar\/sitio\/robo-de-alimentos-en-el-comedor-depietri\/whatsapp-image-2020-04-29-at-11-31-18\/\" data-orig-file=\"https:\/\/eldiariodesanpedro.com.ar\/sitio\/wp-content\/uploads\/2020\/04\/WhatsApp-Image-2020-04-29-at-11.31.18.jpeg\" data-orig-size=\"640,1280\" data-comments-opened=\"1\" data-image-meta=\"{&quot;aperture&quot;:&quot;0&quot;,&quot;credit&quot;:&quot;&quot;,&quot;camera&quot;:&quot;&quot;,&quot;caption&quot;:&quot;&quot;,&quot;created_timestamp&quot;:&quot;0&quot;,&quot;copyright&quot;:&quot;&quot;,&quot;focal_length&quot;:&quot;0&quot;,&quot;iso&quot;:&quot;0&quot;,&quot;shutter_speed&quot;:&quot;0&quot;,&quot;title&quot;:&quot;&quot;,&quot;orientation&quot;:&quot;0&quot;}\" data-image-title=\"WhatsApp Image 2020-04-29 at 11.31.18\" data-image-description=\"\" data-image-caption=\"\" data-large-file=\"https:\/\/eldiariodesanpedro.com.ar\/sitio\/wp-content\/uploads\/2020\/04\/WhatsApp-Image-2020-04-29-at-11.31.18-512x1024.jpeg\" data-src=\"https:\/\/eldiariodesanpedro.com.ar\/sitio\/wp-content\/uploads\/2020\/04\/WhatsApp-Image-2020-04-29-at-11.31.18-512x1024.jpeg\" alt=\"\" class=\"wp-image-72804 lazyload\" data-srcset=\"https:\/\/eldiariodesanpedro.com.ar\/sitio\/wp-content\/uploads\/2020\/04\/WhatsApp-Image-2020-04-29-at-11.31.18-512x1024.jpeg 512w, https:\/\/eldiariodesanpedro.com.ar\/sitio\/wp-content\/uploads\/2020\/04\/WhatsApp-Image-2020-04-29-at-11.31.18-150x300.jpeg 150w, https:\/\/eldiariodesanpedro.com.ar\/sitio\/wp-content\/uploads\/2020\/04\/WhatsApp-Image-2020-04-29-at-11.31.18.jpeg 640w\" data-sizes=\"(max-width: 512px) 100vw, 512px\" src=\"data:image\/svg+xml;base64,PHN2ZyB3aWR0aD0iMSIgaGVpZ2h0PSIxIiB4bWxucz0iaHR0cDovL3d3dy53My5vcmcvMjAwMC9zdmciPjwvc3ZnPg==\" style=\"--smush-placeholder-width: 512px; --smush-placeholder-aspect-ratio: 512\/1024;\" \/><\/figure>\n","protected":false},"excerpt":{"rendered":"<p>En la ma\u00f1ana de este mi\u00e9rcoles se recibi\u00f3 un llamado telef\u00f3nico al 911 solicitando la presencia de un m\u00f3vil policial para denunciar el robo de mercader\u00edas en un establecimiento educativo. Al hacerse presente personal policial de la comisar\u00eda de San Pedro en calle San Martin al 2700 se constat\u00f3 que autores ignorados ingresaron al Establecimiento [&hellip;]<\/p>\n","protected":false},"author":4,"featured_media":72803,"comment_status":"open","ping_status":"closed","sticky":false,"template":"","format":"standard","meta":{"om_disable_all_campaigns":false,"_jetpack_memberships_contains_paid_content":false,"footnotes":""},"categories":[50,2,103],"tags":[889,888,886,33,887,95,680],"class_list":["post-72802","post","type-post","status-publish","format-standard","has-post-thumbnail","hentry","category-destacadas","category-locales","category-policiales-locales","tag-comedor","tag-comerdor","tag-depietri","tag-locales","tag-mercaderia","tag-policiales","tag-robo"],"aioseo_notices":[],"gutentor_comment":0,"jetpack_featured_media_url":"https:\/\/eldiariodesanpedro.com.ar\/sitio\/wp-content\/uploads\/2020\/04\/robo-centro-educativo-depietri-1024x576-1.jpg","jetpack_shortlink":"https:\/\/wp.me\/p6RhLt-iWe","jetpack_sharing_enabled":true,"_links":{"self":[{"href":"https:\/\/eldiariodesanpedro.com.ar\/sitio\/wp-json\/wp\/v2\/posts\/72802","targetHints":{"allow":["GET"]}}],"collection":[{"href":"https:\/\/eldiariodesanpedro.com.ar\/sitio\/wp-json\/wp\/v2\/posts"}],"about":[{"href":"https:\/\/eldiariodesanpedro.com.ar\/sitio\/wp-json\/wp\/v2\/types\/post"}],"author":[{"embeddable":true,"href":"https:\/\/eldiariodesanpedro.com.ar\/sitio\/wp-json\/wp\/v2\/users\/4"}],"replies":[{"embeddable":true,"href":"https:\/\/eldiariodesanpedro.com.ar\/sitio\/wp-json\/wp\/v2\/comments?post=72802"}],"version-history":[{"count":1,"href":"https:\/\/eldiariodesanpedro.com.ar\/sitio\/wp-json\/wp\/v2\/posts\/72802\/revisions"}],"predecessor-version":[{"id":72805,"href":"https:\/\/eldiariodesanpedro.com.ar\/sitio\/wp-json\/wp\/v2\/posts\/72802\/revisions\/72805"}],"wp:featuredmedia":[{"embeddable":true,"href":"https:\/\/eldiariodesanpedro.com.ar\/sitio\/wp-json\/wp\/v2\/media\/72803"}],"wp:attachment":[{"href":"https:\/\/eldiariodesanpedro.com.ar\/sitio\/wp-json\/wp\/v2\/media?parent=72802"}],"wp:term":[{"taxonomy":"category","embeddable":true,"href":"https:\/\/eldiariodesanpedro.com.ar\/sitio\/wp-json\/wp\/v2\/categories?post=72802"},{"taxonomy":"post_tag","embeddable":true,"href":"https:\/\/eldiariodesanpedro.com.ar\/sitio\/wp-json\/wp\/v2\/tags?post=72802"}],"curies":[{"name":"wp","href":"https:\/\/api.w.org\/{rel}","templated":true}]}}