{"id":72799,"date":"2020-04-29T12:22:04","date_gmt":"2020-04-29T15:22:04","guid":{"rendered":"https:\/\/eldiariodesanpedro.com.ar\/sitio\/?p=72799"},"modified":"2020-04-29T12:22:08","modified_gmt":"2020-04-29T15:22:08","slug":"por-problemas-personales-le-rompio-el-parabrisas","status":"publish","type":"post","link":"https:\/\/eldiariodesanpedro.com.ar\/sitio\/por-problemas-personales-le-rompio-el-parabrisas\/","title":{"rendered":"Por problemas personales le rompi\u00f3 el parabrisas"},"content":{"rendered":"<!-- VideographyWP Plugin Message: Automatic video embedding prevented by plugin options. -->\n\n<p>Se recibi\u00f3 una denuncia en la comisar\u00eda local por parte de un ciudadano quien sufri\u00f3 da\u00f1os intencionales en su veh\u00edculo.<\/p>\n\n\n\n<p>En la tarde de este martes un ciudadano que se encontraba estacionado con su camioneta en calle Rivadavia y San Mart\u00edn, es interceptado por otro ciudadano quien le arroja un elemento contundente con el que rompe su parabrisas.<\/p>\n\n\n\n<p>El masculino realizo la correspondiente denuncia en la comisar\u00eda local declarando tener problemas de larga data con el otro individuo.\u00a0<\/p>\n\n\n\n<p>Imagen ilustrativa<\/p>\n","protected":false},"excerpt":{"rendered":"<p>Se recibi\u00f3 una denuncia en la comisar\u00eda local por parte de un ciudadano quien sufri\u00f3 da\u00f1os intencionales en su veh\u00edculo. En la tarde de este martes un ciudadano que se encontraba estacionado con su camioneta en calle Rivadavia y San Mart\u00edn, es interceptado por otro ciudadano quien le arroja un elemento contundente con el que [&hellip;]<\/p>\n","protected":false},"author":4,"featured_media":72800,"comment_status":"open","ping_status":"closed","sticky":false,"template":"","format":"standard","meta":{"om_disable_all_campaigns":false,"_jetpack_memberships_contains_paid_content":false,"footnotes":""},"categories":[2,103],"tags":[883,884,197,39,33,95,885],"class_list":["post-72799","post","type-post","status-publish","format-standard","has-post-thumbnail","hentry","category-locales","category-policiales-locales","tag-ataque","tag-bandalos","tag-buenos-aires","tag-denuncia","tag-locales","tag-policiales","tag-problemas-personales"],"aioseo_notices":[],"gutentor_comment":0,"jetpack_featured_media_url":"https:\/\/eldiariodesanpedro.com.ar\/sitio\/wp-content\/uploads\/2020\/04\/parabrisas-roto-1.jpg","jetpack_shortlink":"https:\/\/wp.me\/p6RhLt-iWb","jetpack_sharing_enabled":true,"_links":{"self":[{"href":"https:\/\/eldiariodesanpedro.com.ar\/sitio\/wp-json\/wp\/v2\/posts\/72799","targetHints":{"allow":["GET"]}}],"collection":[{"href":"https:\/\/eldiariodesanpedro.com.ar\/sitio\/wp-json\/wp\/v2\/posts"}],"about":[{"href":"https:\/\/eldiariodesanpedro.com.ar\/sitio\/wp-json\/wp\/v2\/types\/post"}],"author":[{"embeddable":true,"href":"https:\/\/eldiariodesanpedro.com.ar\/sitio\/wp-json\/wp\/v2\/users\/4"}],"replies":[{"embeddable":true,"href":"https:\/\/eldiariodesanpedro.com.ar\/sitio\/wp-json\/wp\/v2\/comments?post=72799"}],"version-history":[{"count":1,"href":"https:\/\/eldiariodesanpedro.com.ar\/sitio\/wp-json\/wp\/v2\/posts\/72799\/revisions"}],"predecessor-version":[{"id":72801,"href":"https:\/\/eldiariodesanpedro.com.ar\/sitio\/wp-json\/wp\/v2\/posts\/72799\/revisions\/72801"}],"wp:featuredmedia":[{"embeddable":true,"href":"https:\/\/eldiariodesanpedro.com.ar\/sitio\/wp-json\/wp\/v2\/media\/72800"}],"wp:attachment":[{"href":"https:\/\/eldiariodesanpedro.com.ar\/sitio\/wp-json\/wp\/v2\/media?parent=72799"}],"wp:term":[{"taxonomy":"category","embeddable":true,"href":"https:\/\/eldiariodesanpedro.com.ar\/sitio\/wp-json\/wp\/v2\/categories?post=72799"},{"taxonomy":"post_tag","embeddable":true,"href":"https:\/\/eldiariodesanpedro.com.ar\/sitio\/wp-json\/wp\/v2\/tags?post=72799"}],"curies":[{"name":"wp","href":"https:\/\/api.w.org\/{rel}","templated":true}]}}