{"id":7278,"date":"2016-08-18T20:37:12","date_gmt":"2016-08-18T23:37:12","guid":{"rendered":"https:\/\/eldiariodesanpedro.com.ar\/sitio\/?p=7278"},"modified":"2016-08-18T20:37:12","modified_gmt":"2016-08-18T23:37:12","slug":"el-prefecto-mayor-del-delta-del-parana-estuvo-en-san-pedro","status":"publish","type":"post","link":"https:\/\/eldiariodesanpedro.com.ar\/sitio\/el-prefecto-mayor-del-delta-del-parana-estuvo-en-san-pedro\/","title":{"rendered":"El prefecto mayor del Delta del Paran\u00e1 estuvo en San Pedro"},"content":{"rendered":"<p><!-- VideographyWP Plugin Message: Automatic video embedding prevented by plugin options. --><br \/>\nEn el marco de su recorrida por la ciudad de San Pedro, el prefecto mayor del Delta del Paran\u00e1, Eduardo Gabriel Cutropia, visit\u00f3 al intendente Cecilio Salazar para ponerse a disposici\u00f3n del municipio. Estuvo acompa\u00f1ado por el titular de la dependencia local, Sr. Pablo Scanganelli.<br \/>\nDel encuentro particip\u00f3 el secretario de Seguridad, Eduardo Roleri, quien se\u00f1al\u00f3 que los prefectos remarcaron su apoyo al \u00e1rea de Tr\u00e1nsito y Nocturnidad.<\/p>\n","protected":false},"excerpt":{"rendered":"<p>En el marco de su recorrida por la ciudad de San Pedro, el prefecto mayor del Delta del Paran\u00e1, Eduardo Gabriel Cutropia, visit\u00f3 al intendente Cecilio Salazar para ponerse a disposici\u00f3n del municipio. Estuvo acompa\u00f1ado por el titular de la dependencia local, Sr. Pablo Scanganelli. Del encuentro particip\u00f3 el secretario de Seguridad, Eduardo Roleri, quien [&hellip;]<\/p>\n","protected":false},"author":4,"featured_media":7279,"comment_status":"open","ping_status":"closed","sticky":false,"template":"","format":"standard","meta":{"om_disable_all_campaigns":false,"_jetpack_memberships_contains_paid_content":false,"footnotes":""},"categories":[2,102],"tags":[],"class_list":["post-7278","post","type-post","status-publish","format-standard","has-post-thumbnail","hentry","category-locales","category-politica-locales"],"aioseo_notices":[],"gutentor_comment":0,"jetpack_featured_media_url":"https:\/\/eldiariodesanpedro.com.ar\/sitio\/wp-content\/uploads\/2016\/08\/PAGINA-6-7.jpg","jetpack_shortlink":"https:\/\/wp.me\/p6RhLt-1To","jetpack_sharing_enabled":true,"_links":{"self":[{"href":"https:\/\/eldiariodesanpedro.com.ar\/sitio\/wp-json\/wp\/v2\/posts\/7278","targetHints":{"allow":["GET"]}}],"collection":[{"href":"https:\/\/eldiariodesanpedro.com.ar\/sitio\/wp-json\/wp\/v2\/posts"}],"about":[{"href":"https:\/\/eldiariodesanpedro.com.ar\/sitio\/wp-json\/wp\/v2\/types\/post"}],"author":[{"embeddable":true,"href":"https:\/\/eldiariodesanpedro.com.ar\/sitio\/wp-json\/wp\/v2\/users\/4"}],"replies":[{"embeddable":true,"href":"https:\/\/eldiariodesanpedro.com.ar\/sitio\/wp-json\/wp\/v2\/comments?post=7278"}],"version-history":[{"count":1,"href":"https:\/\/eldiariodesanpedro.com.ar\/sitio\/wp-json\/wp\/v2\/posts\/7278\/revisions"}],"predecessor-version":[{"id":7280,"href":"https:\/\/eldiariodesanpedro.com.ar\/sitio\/wp-json\/wp\/v2\/posts\/7278\/revisions\/7280"}],"wp:featuredmedia":[{"embeddable":true,"href":"https:\/\/eldiariodesanpedro.com.ar\/sitio\/wp-json\/wp\/v2\/media\/7279"}],"wp:attachment":[{"href":"https:\/\/eldiariodesanpedro.com.ar\/sitio\/wp-json\/wp\/v2\/media?parent=7278"}],"wp:term":[{"taxonomy":"category","embeddable":true,"href":"https:\/\/eldiariodesanpedro.com.ar\/sitio\/wp-json\/wp\/v2\/categories?post=7278"},{"taxonomy":"post_tag","embeddable":true,"href":"https:\/\/eldiariodesanpedro.com.ar\/sitio\/wp-json\/wp\/v2\/tags?post=7278"}],"curies":[{"name":"wp","href":"https:\/\/api.w.org\/{rel}","templated":true}]}}