{"id":7275,"date":"2016-08-18T20:36:26","date_gmt":"2016-08-18T23:36:26","guid":{"rendered":"https:\/\/eldiariodesanpedro.com.ar\/sitio\/?p=7275"},"modified":"2016-08-18T20:36:26","modified_gmt":"2016-08-18T23:36:26","slug":"gestiones-para-realizar-obras-de-agua-potable-y-cloacas","status":"publish","type":"post","link":"https:\/\/eldiariodesanpedro.com.ar\/sitio\/gestiones-para-realizar-obras-de-agua-potable-y-cloacas\/","title":{"rendered":"Gestiones para realizar obras de agua potable y cloacas"},"content":{"rendered":"<p><!-- VideographyWP Plugin Message: Automatic video embedding prevented by plugin options. --><br \/>\nLas gestiones realizada por el intendente municipal se llevaron a cabo en Capital Federal. Salazar se reuni\u00f3 con el secretario de Obras P\u00fablicas de la Naci\u00f3n, arquitecto Daniel Cha\u00edn, al que le present\u00f3 un informe con las obras a realizar en San Pedro, Gdor. Castro y Santa Luc\u00eda, de agua potable y cloacas.<br \/>\nComo respuesta a ello, en los pr\u00f3ximos d\u00edas llegar\u00e1 a nuestra ciudad Emilio Lenttini, coordinador de Gabinete de la Secretar\u00eda de Obras P\u00fablicas de la Naci\u00f3n, para estudiar y llevar adelante dichas obras.<br \/>\n\u201cTodos los d\u00edas, trabajamos en conjunto con Naci\u00f3n y Provincia para lograr el San Pedro que todos queremos, con las obras y servicios que necesitamos para mejorar la calidad de vida de nuestros vecinos\u201d, manifestaron desde el municipio en la informaci\u00f3n de prensa.<\/p>\n","protected":false},"excerpt":{"rendered":"<p>Las gestiones realizada por el intendente municipal se llevaron a cabo en Capital Federal. Salazar se reuni\u00f3 con el secretario de Obras P\u00fablicas de la Naci\u00f3n, arquitecto Daniel Cha\u00edn, al que le present\u00f3 un informe con las obras a realizar en San Pedro, Gdor. Castro y Santa Luc\u00eda, de agua potable y cloacas. Como respuesta [&hellip;]<\/p>\n","protected":false},"author":4,"featured_media":7276,"comment_status":"open","ping_status":"closed","sticky":false,"template":"","format":"standard","meta":{"om_disable_all_campaigns":false,"_jetpack_memberships_contains_paid_content":false,"footnotes":""},"categories":[101,2],"tags":[],"class_list":["post-7275","post","type-post","status-publish","format-standard","has-post-thumbnail","hentry","category-interes-general-locales","category-locales"],"aioseo_notices":[],"gutentor_comment":0,"jetpack_featured_media_url":"https:\/\/eldiariodesanpedro.com.ar\/sitio\/wp-content\/uploads\/2016\/08\/salazar-chain.jpg","jetpack_shortlink":"https:\/\/wp.me\/p6RhLt-1Tl","jetpack_sharing_enabled":true,"_links":{"self":[{"href":"https:\/\/eldiariodesanpedro.com.ar\/sitio\/wp-json\/wp\/v2\/posts\/7275","targetHints":{"allow":["GET"]}}],"collection":[{"href":"https:\/\/eldiariodesanpedro.com.ar\/sitio\/wp-json\/wp\/v2\/posts"}],"about":[{"href":"https:\/\/eldiariodesanpedro.com.ar\/sitio\/wp-json\/wp\/v2\/types\/post"}],"author":[{"embeddable":true,"href":"https:\/\/eldiariodesanpedro.com.ar\/sitio\/wp-json\/wp\/v2\/users\/4"}],"replies":[{"embeddable":true,"href":"https:\/\/eldiariodesanpedro.com.ar\/sitio\/wp-json\/wp\/v2\/comments?post=7275"}],"version-history":[{"count":1,"href":"https:\/\/eldiariodesanpedro.com.ar\/sitio\/wp-json\/wp\/v2\/posts\/7275\/revisions"}],"predecessor-version":[{"id":7277,"href":"https:\/\/eldiariodesanpedro.com.ar\/sitio\/wp-json\/wp\/v2\/posts\/7275\/revisions\/7277"}],"wp:featuredmedia":[{"embeddable":true,"href":"https:\/\/eldiariodesanpedro.com.ar\/sitio\/wp-json\/wp\/v2\/media\/7276"}],"wp:attachment":[{"href":"https:\/\/eldiariodesanpedro.com.ar\/sitio\/wp-json\/wp\/v2\/media?parent=7275"}],"wp:term":[{"taxonomy":"category","embeddable":true,"href":"https:\/\/eldiariodesanpedro.com.ar\/sitio\/wp-json\/wp\/v2\/categories?post=7275"},{"taxonomy":"post_tag","embeddable":true,"href":"https:\/\/eldiariodesanpedro.com.ar\/sitio\/wp-json\/wp\/v2\/tags?post=7275"}],"curies":[{"name":"wp","href":"https:\/\/api.w.org\/{rel}","templated":true}]}}