{"id":7268,"date":"2016-08-17T19:37:47","date_gmt":"2016-08-17T22:37:47","guid":{"rendered":"https:\/\/eldiariodesanpedro.com.ar\/sitio\/?p=7268"},"modified":"2016-08-18T12:00:11","modified_gmt":"2016-08-18T15:00:11","slug":"el-22-de-agosto-inauguran-el-jardin-no-918","status":"publish","type":"post","link":"https:\/\/eldiariodesanpedro.com.ar\/sitio\/el-22-de-agosto-inauguran-el-jardin-no-918\/","title":{"rendered":"El 22 de agosto inauguran el Jard\u00edn N\u00ba 918"},"content":{"rendered":"<p><!-- VideographyWP Plugin Message: Automatic video embedding prevented by plugin options. --><br \/>\nEl nuevo establecimiento educativo, que ser\u00e1 inaugurado el pr\u00f3ximo 22 de agosto, ha sido construido con recursos del Fondo Educativo. Gracias a ello, se pudo concretar la apertura de tres aulas, el cambio del piso en ambientes, ampliaci\u00f3n de ba\u00f1os, cambio de aberturas, nueva instalaci\u00f3n de gas y agua, revoques y pintura.<br \/>\nEsta instituci\u00f3n permitir\u00e1 que 150 ni\u00f1os de San Pedro puedan ingresar al ciclo inicial, en un nuevo establecimiento que tendr\u00e1 doble turno.<br \/>\nA trav\u00e9s de su p\u00e1gina de Facebook, el Consejo Escolar inform\u00f3: \u201cEstamos concretando un sue\u00f1o de muchos sampedrinos, y por ello nuestro sincero agradecimiento a todos aquellos que posibilitan \u2018crear\u2019 mejores condiciones para la Educaci\u00f3n de nuestros ni\u00f1os\u201d.<br \/>\n\u201cCompartir es inspirar, por ello quisi\u00e9ramos invitar a todos a la inauguraci\u00f3n del nuevo Jard\u00edn de Infantes N\u00b0 918 el d\u00eda lunes 22 de agosto a las 10.00. Direcci\u00f3n calle Estrada s\/n\u201d, se\u00f1alaron.<\/p>\n","protected":false},"excerpt":{"rendered":"<p>El nuevo establecimiento educativo, que ser\u00e1 inaugurado el pr\u00f3ximo 22 de agosto, ha sido construido con recursos del Fondo Educativo. Gracias a ello, se pudo concretar la apertura de tres aulas, el cambio del piso en ambientes, ampliaci\u00f3n de ba\u00f1os, cambio de aberturas, nueva instalaci\u00f3n de gas y agua, revoques y pintura. Esta instituci\u00f3n permitir\u00e1 [&hellip;]<\/p>\n","protected":false},"author":4,"featured_media":7269,"comment_status":"open","ping_status":"closed","sticky":false,"template":"","format":"standard","meta":{"om_disable_all_campaigns":false,"_jetpack_memberships_contains_paid_content":false,"footnotes":""},"categories":[101,2],"tags":[],"class_list":["post-7268","post","type-post","status-publish","format-standard","has-post-thumbnail","hentry","category-interes-general-locales","category-locales"],"aioseo_notices":[],"gutentor_comment":0,"jetpack_featured_media_url":"https:\/\/eldiariodesanpedro.com.ar\/sitio\/wp-content\/uploads\/2016\/08\/JARDIN-918.jpg","jetpack_shortlink":"https:\/\/wp.me\/p6RhLt-1Te","jetpack_sharing_enabled":true,"_links":{"self":[{"href":"https:\/\/eldiariodesanpedro.com.ar\/sitio\/wp-json\/wp\/v2\/posts\/7268","targetHints":{"allow":["GET"]}}],"collection":[{"href":"https:\/\/eldiariodesanpedro.com.ar\/sitio\/wp-json\/wp\/v2\/posts"}],"about":[{"href":"https:\/\/eldiariodesanpedro.com.ar\/sitio\/wp-json\/wp\/v2\/types\/post"}],"author":[{"embeddable":true,"href":"https:\/\/eldiariodesanpedro.com.ar\/sitio\/wp-json\/wp\/v2\/users\/4"}],"replies":[{"embeddable":true,"href":"https:\/\/eldiariodesanpedro.com.ar\/sitio\/wp-json\/wp\/v2\/comments?post=7268"}],"version-history":[{"count":2,"href":"https:\/\/eldiariodesanpedro.com.ar\/sitio\/wp-json\/wp\/v2\/posts\/7268\/revisions"}],"predecessor-version":[{"id":7274,"href":"https:\/\/eldiariodesanpedro.com.ar\/sitio\/wp-json\/wp\/v2\/posts\/7268\/revisions\/7274"}],"wp:featuredmedia":[{"embeddable":true,"href":"https:\/\/eldiariodesanpedro.com.ar\/sitio\/wp-json\/wp\/v2\/media\/7269"}],"wp:attachment":[{"href":"https:\/\/eldiariodesanpedro.com.ar\/sitio\/wp-json\/wp\/v2\/media?parent=7268"}],"wp:term":[{"taxonomy":"category","embeddable":true,"href":"https:\/\/eldiariodesanpedro.com.ar\/sitio\/wp-json\/wp\/v2\/categories?post=7268"},{"taxonomy":"post_tag","embeddable":true,"href":"https:\/\/eldiariodesanpedro.com.ar\/sitio\/wp-json\/wp\/v2\/tags?post=7268"}],"curies":[{"name":"wp","href":"https:\/\/api.w.org\/{rel}","templated":true}]}}