{"id":7265,"date":"2016-08-17T19:36:23","date_gmt":"2016-08-17T22:36:23","guid":{"rendered":"https:\/\/eldiariodesanpedro.com.ar\/sitio\/?p=7265"},"modified":"2016-08-17T19:36:23","modified_gmt":"2016-08-17T22:36:23","slug":"fuerte-reclamo-para-la-rapida-reparacion-de-la-ruta-191","status":"publish","type":"post","link":"https:\/\/eldiariodesanpedro.com.ar\/sitio\/fuerte-reclamo-para-la-rapida-reparacion-de-la-ruta-191\/","title":{"rendered":"Fuerte reclamo para la r\u00e1pida reparaci\u00f3n de la ruta 191"},"content":{"rendered":"<p><!-- VideographyWP Plugin Message: Automatic video embedding prevented by plugin options. --><br \/>\nTal cual se esperaba, vecinos de Santa Luc\u00eda y Pueblo Doyle realizaron ayer un corte de la ruta 191 para reclamar por su deplorable estado tras a\u00f1os sin el debido mantenimiento. El fatal accidente ocurrido recientemente en el km 26 gener\u00f3 tal indignaci\u00f3n que reactiv\u00f3 nuevamente el reclamo.<br \/>\n\u201cEsperamos una respuesta de las autoridades correspondientes, no nos vamos a mover hasta que no venga alguien y nos explique qu\u00e9 van a hacer con la ruta, porque esto ya no da para m\u00e1s\u201d, dijo Cristina Tancredi, una de los organizadores del corte, que cont\u00f3 con una multitudinaria presencia de vecinos.<br \/>\nPor su parte, Ricardo Barbosa, otro de los vecinos que alz\u00f3 la voz, se\u00f1al\u00f3: \u201cEsto lleg\u00f3 al punto donde no tiene retorno. Los da\u00f1os causados, las p\u00e9rdidas de vida y da\u00f1os materiales tambi\u00e9n que no dejan de ser importantes\u201d. Y agreg\u00f3: \u201cHace muchos a\u00f1os que lo venimos soportando, le dimos un tiempo prudencial a esta gesti\u00f3n, para que nos atendiera, no nos atendi\u00f3, f\u00edjese que el intendente no vino nunca m\u00e1s a Santa Luc\u00eda\u201d. Y sentenci\u00f3: \u201cA nadie le interesa esto, pero a nosotros s\u00ed\u201d.<br \/>\nPor su parte, el concejal Ariel Ramanizi, que lleg\u00f3 acompa\u00f1ado de su par Esp\u00edndola, sostuvo: \u201cHemos podido hacer, a lo largo que estamos en el Concejo Deliberante, varios proyectos que tienen que ver con resoluciones, pidiendo una soluci\u00f3n definitiva para el tema de las rutas. Lamentablemente ni por las anteriores gestiones ni por esta hemos sido escuchados o, por lo menos, nuestro reclamo no lleg\u00f3 a manos de la provincia de Buenos Aires\u201d.<br \/>\nEn tanto, el secretario de Gobierno, Silvio Corti, explic\u00f3 a los presentes: \u201cPrimero decirles que en lo personal y como postura del gobierno, entendemos que todos los vecinos de ac\u00e1 y deber\u00eda decir todos los sampedrinos, con todo el derecho y la raz\u00f3n de llevar adelante esta protesta\u201d.<br \/>\n\u201cLo peor que nos puede pasar es un muerto, pero tenemos consecuencia todos los d\u00edas cuando transitamos esta ruta\u201d, agreg\u00f3.<br \/>\nLuego cont\u00f3: \u201cLa noticia que tenemos desde hace un mes es que Vialidad provincial va a hacer la misma obra que se hizo de Arrecifes a Salto, que es una reconstrucci\u00f3n total. Esa es la obra prevista, est\u00e1 presupuestada y aprobada\u201d.<br \/>\nSin embargo, no habl\u00f3 de plazos: \u201cLa obra va a empezar cuando Vialidad lo tenga previsto, los tiempos no nos gustan, yo eso lo s\u00e9\u201d, pero confirm\u00f3: \u201cEl mes que viene comienza una reparaci\u00f3n parcial\u201d. <\/p>\n","protected":false},"excerpt":{"rendered":"<p>Tal cual se esperaba, vecinos de Santa Luc\u00eda y Pueblo Doyle realizaron ayer un corte de la ruta 191 para reclamar por su deplorable estado tras a\u00f1os sin el debido mantenimiento. El fatal accidente ocurrido recientemente en el km 26 gener\u00f3 tal indignaci\u00f3n que reactiv\u00f3 nuevamente el reclamo. \u201cEsperamos una respuesta de las autoridades correspondientes, [&hellip;]<\/p>\n","protected":false},"author":4,"featured_media":7266,"comment_status":"open","ping_status":"closed","sticky":false,"template":"","format":"standard","meta":{"om_disable_all_campaigns":false,"_jetpack_memberships_contains_paid_content":false,"footnotes":""},"categories":[50,101,2],"tags":[],"class_list":["post-7265","post","type-post","status-publish","format-standard","has-post-thumbnail","hentry","category-destacadas","category-interes-general-locales","category-locales"],"aioseo_notices":[],"gutentor_comment":0,"jetpack_featured_media_url":"https:\/\/eldiariodesanpedro.com.ar\/sitio\/wp-content\/uploads\/2016\/08\/FOTO-TAPA-1.jpg","jetpack_shortlink":"https:\/\/wp.me\/p6RhLt-1Tb","jetpack_sharing_enabled":true,"_links":{"self":[{"href":"https:\/\/eldiariodesanpedro.com.ar\/sitio\/wp-json\/wp\/v2\/posts\/7265","targetHints":{"allow":["GET"]}}],"collection":[{"href":"https:\/\/eldiariodesanpedro.com.ar\/sitio\/wp-json\/wp\/v2\/posts"}],"about":[{"href":"https:\/\/eldiariodesanpedro.com.ar\/sitio\/wp-json\/wp\/v2\/types\/post"}],"author":[{"embeddable":true,"href":"https:\/\/eldiariodesanpedro.com.ar\/sitio\/wp-json\/wp\/v2\/users\/4"}],"replies":[{"embeddable":true,"href":"https:\/\/eldiariodesanpedro.com.ar\/sitio\/wp-json\/wp\/v2\/comments?post=7265"}],"version-history":[{"count":1,"href":"https:\/\/eldiariodesanpedro.com.ar\/sitio\/wp-json\/wp\/v2\/posts\/7265\/revisions"}],"predecessor-version":[{"id":7267,"href":"https:\/\/eldiariodesanpedro.com.ar\/sitio\/wp-json\/wp\/v2\/posts\/7265\/revisions\/7267"}],"wp:featuredmedia":[{"embeddable":true,"href":"https:\/\/eldiariodesanpedro.com.ar\/sitio\/wp-json\/wp\/v2\/media\/7266"}],"wp:attachment":[{"href":"https:\/\/eldiariodesanpedro.com.ar\/sitio\/wp-json\/wp\/v2\/media?parent=7265"}],"wp:term":[{"taxonomy":"category","embeddable":true,"href":"https:\/\/eldiariodesanpedro.com.ar\/sitio\/wp-json\/wp\/v2\/categories?post=7265"},{"taxonomy":"post_tag","embeddable":true,"href":"https:\/\/eldiariodesanpedro.com.ar\/sitio\/wp-json\/wp\/v2\/tags?post=7265"}],"curies":[{"name":"wp","href":"https:\/\/api.w.org\/{rel}","templated":true}]}}