{"id":72519,"date":"2020-04-23T12:42:16","date_gmt":"2020-04-23T15:42:16","guid":{"rendered":"https:\/\/eldiariodesanpedro.com.ar\/sitio\/?p=72519"},"modified":"2020-04-23T12:42:18","modified_gmt":"2020-04-23T15:42:18","slug":"escobar-un-hombre-de-55-anos-es-la-tercera-victima-fatal-de-covid-19","status":"publish","type":"post","link":"https:\/\/eldiariodesanpedro.com.ar\/sitio\/escobar-un-hombre-de-55-anos-es-la-tercera-victima-fatal-de-covid-19\/","title":{"rendered":"ESCOBAR | Un hombre de 55 a\u00f1os es la tercera v\u00edctima fatal de Covid-19"},"content":{"rendered":"<!-- VideographyWP Plugin Message: Automatic video embedding prevented by plugin options. -->\n\n<p>Era un vecino de nacionalidad boliviana que viv\u00eda en el barrio Lambertuchi y llevaba una semana internado en el hospital Erill, con diagn\u00f3stico confirmado. Dos de sus hijos, de 32 y 15 a\u00f1os, tambi\u00e9n estar\u00edan infectados.<\/p>\n\n\n\n<p>Un hombre de 55 a\u00f1os que estaba internado en el hospital Erill se convirti\u00f3 este mi\u00e9rcoles a la madrugada en la tercera v\u00edctima fatal de Covid-19 en el partido de Escobar.<\/p>\n\n\n\n<p>El paciente, de nacionalidad boliviana, se llamaba Valent\u00edn Mamami y estaba internado desde hace una semana en el hospital provincial de Escobar, bajo protocolo de Covid-19. Viv\u00eda en el barrio Lambertuchi.<\/p>\n\n\n\n<p>Dos hijos del hombre, de 32 y 15 a\u00f1os, tambi\u00e9n est\u00e1n internados en el Erill. Uno de ellos ya dio positivo de coronavirus y se esperan los resultados el otro.<\/p>\n\n\n\n<p>Fuentes consultadas por&nbsp;El D\u00eda de Escobar&nbsp;indicaron que se trata de una familia numerosa, de m\u00e1s de diez miembros, por lo que no se descarta que pueda haber otros infectados.<\/p>\n\n\n\n<p>De esta manera, ya son tres las personas fallecidas en el distrito a causa de esta pandemia, en apenas 14 d\u00edas. La primera muerte se registr\u00f3 el mi\u00e9rcoles 8, tambi\u00e9n en el Erill: fue una mujer de 62 a\u00f1os, vecina del barrio San Luis&nbsp;(ver nota&nbsp;ac\u00e1); en tanto que el \u00faltimo viernes falleci\u00f3 un hombre de 80 a\u00f1os, domiciliado en el centro de la ciudad, que llevaba dos semanas internado en la cl\u00ednica F\u00e1tima&nbsp;(ver nota&nbsp;ac\u00e1).<\/p>\n\n\n\n<p>Hasta el momento son 22 los contagios detectados en el partido de Escobar desde que el coronavirus lleg\u00f3 al pa\u00eds. Adem\u00e1s, hay 50 pacientes con s\u00edntomas compatibles, de los cuales se espera el resultado de laboratorio. En tanto, ya se descartaron 179 casos sospechosos.<\/p>\n\n\n\n<p>\u201cReafirmamos la necesidad de usar tapabocas y de extremar las medidas de prevenci\u00f3n, tanto a nivel individual como colectivo\u201d, insistieron desde las autoridades sanitarias.<\/p>\n\n\n\n<p>Fuente: <a href=\"https:\/\/www.eldiadeescobar.com.ar\/\">El Dia de Escobar<\/a><\/p>\n","protected":false},"excerpt":{"rendered":"<p>Era un vecino de nacionalidad boliviana que viv\u00eda en el barrio Lambertuchi y llevaba una semana internado en el hospital Erill, con diagn\u00f3stico confirmado. Dos de sus hijos, de 32 y 15 a\u00f1os, tambi\u00e9n estar\u00edan infectados. Un hombre de 55 a\u00f1os que estaba internado en el hospital Erill se convirti\u00f3 este mi\u00e9rcoles a la madrugada [&hellip;]<\/p>\n","protected":false},"author":4,"featured_media":72520,"comment_status":"open","ping_status":"closed","sticky":false,"template":"","format":"standard","meta":{"om_disable_all_campaigns":false,"_jetpack_memberships_contains_paid_content":false,"footnotes":""},"categories":[621],"tags":[808,813,268,681,814],"class_list":["post-72519","post","type-post","status-publish","format-standard","has-post-thumbnail","hentry","category-regionales","tag-coronavirus","tag-covid-19","tag-escobar","tag-regionales","tag-tercera-victima"],"aioseo_notices":[],"gutentor_comment":0,"jetpack_featured_media_url":"https:\/\/eldiariodesanpedro.com.ar\/sitio\/wp-content\/uploads\/2020\/04\/eldiahp.jpg","jetpack_shortlink":"https:\/\/wp.me\/p6RhLt-iRF","jetpack_sharing_enabled":true,"_links":{"self":[{"href":"https:\/\/eldiariodesanpedro.com.ar\/sitio\/wp-json\/wp\/v2\/posts\/72519","targetHints":{"allow":["GET"]}}],"collection":[{"href":"https:\/\/eldiariodesanpedro.com.ar\/sitio\/wp-json\/wp\/v2\/posts"}],"about":[{"href":"https:\/\/eldiariodesanpedro.com.ar\/sitio\/wp-json\/wp\/v2\/types\/post"}],"author":[{"embeddable":true,"href":"https:\/\/eldiariodesanpedro.com.ar\/sitio\/wp-json\/wp\/v2\/users\/4"}],"replies":[{"embeddable":true,"href":"https:\/\/eldiariodesanpedro.com.ar\/sitio\/wp-json\/wp\/v2\/comments?post=72519"}],"version-history":[{"count":1,"href":"https:\/\/eldiariodesanpedro.com.ar\/sitio\/wp-json\/wp\/v2\/posts\/72519\/revisions"}],"predecessor-version":[{"id":72521,"href":"https:\/\/eldiariodesanpedro.com.ar\/sitio\/wp-json\/wp\/v2\/posts\/72519\/revisions\/72521"}],"wp:featuredmedia":[{"embeddable":true,"href":"https:\/\/eldiariodesanpedro.com.ar\/sitio\/wp-json\/wp\/v2\/media\/72520"}],"wp:attachment":[{"href":"https:\/\/eldiariodesanpedro.com.ar\/sitio\/wp-json\/wp\/v2\/media?parent=72519"}],"wp:term":[{"taxonomy":"category","embeddable":true,"href":"https:\/\/eldiariodesanpedro.com.ar\/sitio\/wp-json\/wp\/v2\/categories?post=72519"},{"taxonomy":"post_tag","embeddable":true,"href":"https:\/\/eldiariodesanpedro.com.ar\/sitio\/wp-json\/wp\/v2\/tags?post=72519"}],"curies":[{"name":"wp","href":"https:\/\/api.w.org\/{rel}","templated":true}]}}