{"id":72514,"date":"2020-04-23T12:27:04","date_gmt":"2020-04-23T15:27:04","guid":{"rendered":"https:\/\/eldiariodesanpedro.com.ar\/sitio\/?p=72514"},"modified":"2020-04-23T20:48:37","modified_gmt":"2020-04-23T23:48:37","slug":"numeros-y-zonas-calientes-del-coronavirus-en-la-provincia","status":"publish","type":"post","link":"https:\/\/eldiariodesanpedro.com.ar\/sitio\/numeros-y-zonas-calientes-del-coronavirus-en-la-provincia\/","title":{"rendered":"N\u00fameros y \u201czonas calientes\u201d del Coronavirus en la Provincia"},"content":{"rendered":"<!-- VideographyWP Plugin Message: Automatic video embedding prevented by plugin options. -->\n\n<p>Mientras el Gobierno bonaerense prepara un mapa de las zonas con mayor y menor cantidad de casos confirmados de COVID-19, un monitoreo externo elabor\u00f3 estad\u00edstica sensible al an\u00e1lisis. Casi el 40% de los casos confirmados se registraron en la Regi\u00f3n Sanitaria V, la cual integra nuestra Ciudad. El Distrito con mayor cantidad de contagios es San Mart\u00edn (67 casos), mientras que a nivel local la cifra asciende s\u00f3lo a cinco, con tres v\u00edctimas fatales.<\/p>\n\n\n\n<p>Mientras el gobierno de la provincia de Buenos Aires trabaja en la elaboraci\u00f3n de un mapa con las zonas calientes, el cual contempla donde hay mayor cantidad de casos confirmados y muertos por coronavirus, un informe publicado por Infobae anticipa la estad\u00edstica que permitir\u00e1 a las autoridades adoptar decisiones pol\u00edticas para flexibilizar (o endurecer) la cuarentena\u201d.<\/p>\n\n\n\n<p>Seg\u00fan las periodistas Mariel Fitz Patrick y Sandra Crucianelli, junto a integrantes de la Unidad de Datos del portal de alcance nacional e internacional, \u201cla informaci\u00f3n fue extra\u00edda de un conjunto de datos publicado por Sistemas Mapache, una empresa de tecnolog\u00eda especializada en soluciones geoespaciales. La recopilaci\u00f3n de datos fue realizada por Mart\u00edn Dur\u00e9 y Eduardo Mej\u00edas (AUNO) en base a la informaci\u00f3n relevada por los 135 municipios bonaerenses\u201d, con fecha de actualizaci\u00f3n al 19 de abril.<\/p>\n\n\n\n<p>La informaci\u00f3n de inter\u00e9s para nuestra zona recae en el \u00faltimo informe de la Regional Sanitaria V, donde se concentran los trece municipios con mayor cantidad de casos. Entre San Mart\u00edn, Pilar, Vicente L\u00f3pez, San Isidro, Campana, Escobar, Exaltaci\u00f3n de la Cruz, San Fernando, Tigre, Jos\u00e9 C. Paz, Malvinas Argentinas, San Miguel y Z\u00e1rate, hasta la fecha mencionada se contabilizaban 355 casos confirmados, es decir, el 38% de todos los confirmados de la provincia de Buenos Aires.<\/p>\n\n\n\n<p>La informaci\u00f3n ubica al Partido de San Mart\u00edn, con 67 casos, como el distrito con m\u00e1s contagios confirmados oficialmente, seguido por Vicente L\u00f3pez (60), Pilar (51), San Isidro (45) y La Matanza (47). Otro dato llamativo de la Regi\u00f3n V es que de los 355 contagios detectados, el 75% (266) corresponden a pacientes de entre 15 y 59 a\u00f1os de edad, mientras que solo un 20% (72 casos) son mayores de 60 a\u00f1os, la edad a partir de la cual se considera grupo de mayor riesgo. S\u00f3lo en un 5% de los casos (un total de 17) son menores de 14 a\u00f1os.<\/p>\n\n\n\n<p>Respecto al tipo de contagio en estos 13 distritos, al d\u00eda de hoy el 31% es por transmisi\u00f3n comunitaria, el 24% por contacto estrecho, y solo el 21% est\u00e1 ligado a antecedentes de viajes. En tanto, el 18% son trabajadores de la salud (63 casos), se\u00f1ala el informe de Infobae.<\/p>\n\n\n\n<p><\/p>\n\n\n\n<p>De estas cifras se desprende el denominado \u201cporcentaje de letalidad\u201d, que representa la relaci\u00f3n entre los casos confirmados y las muertes. \u201cEl distrito con la tasa m\u00e1s alta es Ca\u00f1uelas, que tiene un 100%, con 2 contagios y 2 fallecidos. Le sigue Campana, con 5 casos y 3 muertos, lo que arroja una tasa de letalidad del 60%\u201d se\u00f1ala la data publicada.<\/p>\n\n\n\n<p>Con esta informaci\u00f3n, las autoridades eval\u00faan junto a la Naci\u00f3n y la Provincia cu\u00e1les ser\u00e1n los pasos a seguir en la pr\u00f3xima etapa de la \u201ccuarentena\u201d, donde se espera que nuevas actividades puedan ser habilitadas pero siempre resguardando la salud de los vecinos, por sobre todas las cosas.<\/p>\n\n\n\n<p>Fuente: Infobae<\/p>\n\n\n\n<figure class=\"wp-block-image size-large\"><img decoding=\"async\" width=\"895\" height=\"610\" data-attachment-id=\"72517\" data-permalink=\"https:\/\/eldiariodesanpedro.com.ar\/sitio\/numeros-y-zonas-calientes-del-coronavirus-en-la-provincia\/descarga-60\/\" data-orig-file=\"https:\/\/eldiariodesanpedro.com.ar\/sitio\/wp-content\/uploads\/2020\/04\/descarga.png\" data-orig-size=\"895,610\" data-comments-opened=\"1\" data-image-meta=\"{&quot;aperture&quot;:&quot;0&quot;,&quot;credit&quot;:&quot;&quot;,&quot;camera&quot;:&quot;&quot;,&quot;caption&quot;:&quot;&quot;,&quot;created_timestamp&quot;:&quot;0&quot;,&quot;copyright&quot;:&quot;&quot;,&quot;focal_length&quot;:&quot;0&quot;,&quot;iso&quot;:&quot;0&quot;,&quot;shutter_speed&quot;:&quot;0&quot;,&quot;title&quot;:&quot;&quot;,&quot;orientation&quot;:&quot;0&quot;}\" data-image-title=\"descarga\" data-image-description=\"\" data-image-caption=\"\" data-large-file=\"https:\/\/eldiariodesanpedro.com.ar\/sitio\/wp-content\/uploads\/2020\/04\/descarga.png\" data-src=\"https:\/\/eldiariodesanpedro.com.ar\/sitio\/wp-content\/uploads\/2020\/04\/descarga.png\" alt=\"\" class=\"wp-image-72517 lazyload\" data-srcset=\"https:\/\/eldiariodesanpedro.com.ar\/sitio\/wp-content\/uploads\/2020\/04\/descarga.png 895w, https:\/\/eldiariodesanpedro.com.ar\/sitio\/wp-content\/uploads\/2020\/04\/descarga-300x204.png 300w, https:\/\/eldiariodesanpedro.com.ar\/sitio\/wp-content\/uploads\/2020\/04\/descarga-768x523.png 768w\" data-sizes=\"(max-width: 895px) 100vw, 895px\" src=\"data:image\/svg+xml;base64,PHN2ZyB3aWR0aD0iMSIgaGVpZ2h0PSIxIiB4bWxucz0iaHR0cDovL3d3dy53My5vcmcvMjAwMC9zdmciPjwvc3ZnPg==\" style=\"--smush-placeholder-width: 895px; --smush-placeholder-aspect-ratio: 895\/610;\" \/><\/figure>\n","protected":false},"excerpt":{"rendered":"<p>Mientras el Gobierno bonaerense prepara un mapa de las zonas con mayor y menor cantidad de casos confirmados de COVID-19, un monitoreo externo elabor\u00f3 estad\u00edstica sensible al an\u00e1lisis. Casi el 40% de los casos confirmados se registraron en la Regi\u00f3n Sanitaria V, la cual integra nuestra Ciudad. El Distrito con mayor cantidad de contagios es [&hellip;]<\/p>\n","protected":false},"author":4,"featured_media":72515,"comment_status":"open","ping_status":"closed","sticky":false,"template":"","format":"standard","meta":{"om_disable_all_campaigns":false,"_jetpack_memberships_contains_paid_content":false,"footnotes":""},"categories":[621],"tags":[197,810,808,811,329,812,19],"class_list":["post-72514","post","type-post","status-publish","format-standard","has-post-thumbnail","hentry","category-regionales","tag-buenos-aires","tag-casos-positivos","tag-coronavirus","tag-numeros","tag-provincia","tag-region","tag-san-pedro"],"aioseo_notices":[],"gutentor_comment":0,"jetpack_featured_media_url":"https:\/\/eldiariodesanpedro.com.ar\/sitio\/wp-content\/uploads\/2020\/04\/4217ab97-384a-4358-aa34-8773b1e5b9d0.jpg","jetpack_shortlink":"https:\/\/wp.me\/p6RhLt-iRA","jetpack_sharing_enabled":true,"_links":{"self":[{"href":"https:\/\/eldiariodesanpedro.com.ar\/sitio\/wp-json\/wp\/v2\/posts\/72514","targetHints":{"allow":["GET"]}}],"collection":[{"href":"https:\/\/eldiariodesanpedro.com.ar\/sitio\/wp-json\/wp\/v2\/posts"}],"about":[{"href":"https:\/\/eldiariodesanpedro.com.ar\/sitio\/wp-json\/wp\/v2\/types\/post"}],"author":[{"embeddable":true,"href":"https:\/\/eldiariodesanpedro.com.ar\/sitio\/wp-json\/wp\/v2\/users\/4"}],"replies":[{"embeddable":true,"href":"https:\/\/eldiariodesanpedro.com.ar\/sitio\/wp-json\/wp\/v2\/comments?post=72514"}],"version-history":[{"count":2,"href":"https:\/\/eldiariodesanpedro.com.ar\/sitio\/wp-json\/wp\/v2\/posts\/72514\/revisions"}],"predecessor-version":[{"id":72559,"href":"https:\/\/eldiariodesanpedro.com.ar\/sitio\/wp-json\/wp\/v2\/posts\/72514\/revisions\/72559"}],"wp:featuredmedia":[{"embeddable":true,"href":"https:\/\/eldiariodesanpedro.com.ar\/sitio\/wp-json\/wp\/v2\/media\/72515"}],"wp:attachment":[{"href":"https:\/\/eldiariodesanpedro.com.ar\/sitio\/wp-json\/wp\/v2\/media?parent=72514"}],"wp:term":[{"taxonomy":"category","embeddable":true,"href":"https:\/\/eldiariodesanpedro.com.ar\/sitio\/wp-json\/wp\/v2\/categories?post=72514"},{"taxonomy":"post_tag","embeddable":true,"href":"https:\/\/eldiariodesanpedro.com.ar\/sitio\/wp-json\/wp\/v2\/tags?post=72514"}],"curies":[{"name":"wp","href":"https:\/\/api.w.org\/{rel}","templated":true}]}}