{"id":7133,"date":"2016-08-15T18:52:59","date_gmt":"2016-08-15T21:52:59","guid":{"rendered":"https:\/\/eldiariodesanpedro.com.ar\/sitio\/?p=7133"},"modified":"2016-08-15T18:52:59","modified_gmt":"2016-08-15T21:52:59","slug":"golpeo-a-su-mujer-y-despues-a-un-hombre-tras-protagonizar-un-accidente","status":"publish","type":"post","link":"https:\/\/eldiariodesanpedro.com.ar\/sitio\/golpeo-a-su-mujer-y-despues-a-un-hombre-tras-protagonizar-un-accidente\/","title":{"rendered":"Golpe\u00f3 a su mujer y despu\u00e9s a un hombre tras protagonizar un accidente"},"content":{"rendered":"<p><!-- VideographyWP Plugin Message: Automatic video embedding prevented by plugin options. --><br \/>\nEl violento hecho ocurri\u00f3 el s\u00e1bado, cerca de las 6.30 hs. La v\u00edctima, un hombre de 60 a\u00f1os se dirig\u00eda a su trabajo en su veh\u00edculo marca Fiat 147, por calle 3 de Febrero, cuando es embestido por detr\u00e1s por  un sujeto de 37 a\u00f1os que se dirig\u00eda en un Renault Scenic. No contento con ello, tras el siniestro encierra al rodado menor y lo obliga a detener la marcha. Hace bajar al otro conductor y sin mediar palabra alguna, lo golpea en el rostro y el cuerpo para luego da\u00f1arle el auto a patadas.<br \/>\nEn tanto que tras el arribo del personal policial, se produce nuevamente un forcejeo y agresiones por parte de esta persona, la cual termina siendo reducido y trasladado a la dependencia. Seg\u00fan se pudo establecer se encontraba bajo los efectos de alcohol y posiblemente alguna sustancia alucin\u00f3gena. Asimismo se establece que el agresor, instantes antes en su domicilio,  hab\u00eda agredido a su esposa a golpes, provoc\u00e1ndole lesiones en rostro y cuerpo.<br \/>\nSe labraron actuaciones con intervenci\u00f3n UFI nro. 7 San Pedro, la que caratul\u00f3 la causa como \u201clesiones y resistencia a la autoridad\u201d. <\/p>\n","protected":false},"excerpt":{"rendered":"<p>El violento hecho ocurri\u00f3 el s\u00e1bado, cerca de las 6.30 hs. La v\u00edctima, un hombre de 60 a\u00f1os se dirig\u00eda a su trabajo en su veh\u00edculo marca Fiat 147, por calle 3 de Febrero, cuando es embestido por detr\u00e1s por un sujeto de 37 a\u00f1os que se dirig\u00eda en un Renault Scenic. No contento con [&hellip;]<\/p>\n","protected":false},"author":4,"featured_media":5588,"comment_status":"open","ping_status":"closed","sticky":false,"template":"","format":"standard","meta":{"om_disable_all_campaigns":false,"_jetpack_memberships_contains_paid_content":false,"footnotes":""},"categories":[2,103],"tags":[],"class_list":["post-7133","post","type-post","status-publish","format-standard","has-post-thumbnail","hentry","category-locales","category-policiales-locales"],"aioseo_notices":[],"gutentor_comment":0,"jetpack_featured_media_url":"https:\/\/eldiariodesanpedro.com.ar\/sitio\/wp-content\/uploads\/2016\/06\/patrulla-policia-1.jpg","jetpack_shortlink":"https:\/\/wp.me\/p6RhLt-1R3","jetpack_sharing_enabled":true,"_links":{"self":[{"href":"https:\/\/eldiariodesanpedro.com.ar\/sitio\/wp-json\/wp\/v2\/posts\/7133","targetHints":{"allow":["GET"]}}],"collection":[{"href":"https:\/\/eldiariodesanpedro.com.ar\/sitio\/wp-json\/wp\/v2\/posts"}],"about":[{"href":"https:\/\/eldiariodesanpedro.com.ar\/sitio\/wp-json\/wp\/v2\/types\/post"}],"author":[{"embeddable":true,"href":"https:\/\/eldiariodesanpedro.com.ar\/sitio\/wp-json\/wp\/v2\/users\/4"}],"replies":[{"embeddable":true,"href":"https:\/\/eldiariodesanpedro.com.ar\/sitio\/wp-json\/wp\/v2\/comments?post=7133"}],"version-history":[{"count":1,"href":"https:\/\/eldiariodesanpedro.com.ar\/sitio\/wp-json\/wp\/v2\/posts\/7133\/revisions"}],"predecessor-version":[{"id":7134,"href":"https:\/\/eldiariodesanpedro.com.ar\/sitio\/wp-json\/wp\/v2\/posts\/7133\/revisions\/7134"}],"wp:featuredmedia":[{"embeddable":true,"href":"https:\/\/eldiariodesanpedro.com.ar\/sitio\/wp-json\/wp\/v2\/media\/5588"}],"wp:attachment":[{"href":"https:\/\/eldiariodesanpedro.com.ar\/sitio\/wp-json\/wp\/v2\/media?parent=7133"}],"wp:term":[{"taxonomy":"category","embeddable":true,"href":"https:\/\/eldiariodesanpedro.com.ar\/sitio\/wp-json\/wp\/v2\/categories?post=7133"},{"taxonomy":"post_tag","embeddable":true,"href":"https:\/\/eldiariodesanpedro.com.ar\/sitio\/wp-json\/wp\/v2\/tags?post=7133"}],"curies":[{"name":"wp","href":"https:\/\/api.w.org\/{rel}","templated":true}]}}