{"id":7130,"date":"2016-08-15T18:51:23","date_gmt":"2016-08-15T21:51:23","guid":{"rendered":"https:\/\/eldiariodesanpedro.com.ar\/sitio\/?p=7130"},"modified":"2016-08-15T18:51:23","modified_gmt":"2016-08-15T21:51:23","slug":"un-hombre-resulto-con-un-corte-en-una-mano-tras-luchar-con-un-delincuente","status":"publish","type":"post","link":"https:\/\/eldiariodesanpedro.com.ar\/sitio\/un-hombre-resulto-con-un-corte-en-una-mano-tras-luchar-con-un-delincuente\/","title":{"rendered":"Un hombre result\u00f3 con un corte en una mano tras luchar con un delincuente"},"content":{"rendered":"<p><!-- VideographyWP Plugin Message: Automatic video embedding prevented by plugin options. --><br \/>\nCerca de las 4 hs. del s\u00e1bado un hombre advierte, al salir de su domicilio localizado en el Barrio fonavi II, que tres j\u00f3venes trataban de sustraer un bolso que hab\u00eda dejado en su autom\u00f3vil, estacionado en la v\u00eda p\u00fablica.<br \/>\nPara evitar el il\u00edcito, se trenz\u00f3 en lucha con uno de ellos, el cual con un elemento cortante le produjo un corte en la mano derecha al denunciante. En tanto que luego los malvivientes comenzaron a arrojarle piedras al rodado, rompi\u00e9ndole la luneta trasera y el vidrio lateral delantero derecho, d\u00e1ndose posteriormente a la fuga por los pasillos internos del barrio.<br \/>\nInterviene UFI N\u00ba 7.<\/p>\n","protected":false},"excerpt":{"rendered":"<p>Cerca de las 4 hs. del s\u00e1bado un hombre advierte, al salir de su domicilio localizado en el Barrio fonavi II, que tres j\u00f3venes trataban de sustraer un bolso que hab\u00eda dejado en su autom\u00f3vil, estacionado en la v\u00eda p\u00fablica. Para evitar el il\u00edcito, se trenz\u00f3 en lucha con uno de ellos, el cual con [&hellip;]<\/p>\n","protected":false},"author":4,"featured_media":7131,"comment_status":"open","ping_status":"closed","sticky":false,"template":"","format":"standard","meta":{"om_disable_all_campaigns":false,"_jetpack_memberships_contains_paid_content":false,"footnotes":""},"categories":[2,103],"tags":[],"class_list":["post-7130","post","type-post","status-publish","format-standard","has-post-thumbnail","hentry","category-locales","category-policiales-locales"],"aioseo_notices":[],"gutentor_comment":0,"jetpack_featured_media_url":"https:\/\/eldiariodesanpedro.com.ar\/sitio\/wp-content\/uploads\/2016\/08\/fonavi.jpg","jetpack_shortlink":"https:\/\/wp.me\/p6RhLt-1R0","jetpack_sharing_enabled":true,"_links":{"self":[{"href":"https:\/\/eldiariodesanpedro.com.ar\/sitio\/wp-json\/wp\/v2\/posts\/7130","targetHints":{"allow":["GET"]}}],"collection":[{"href":"https:\/\/eldiariodesanpedro.com.ar\/sitio\/wp-json\/wp\/v2\/posts"}],"about":[{"href":"https:\/\/eldiariodesanpedro.com.ar\/sitio\/wp-json\/wp\/v2\/types\/post"}],"author":[{"embeddable":true,"href":"https:\/\/eldiariodesanpedro.com.ar\/sitio\/wp-json\/wp\/v2\/users\/4"}],"replies":[{"embeddable":true,"href":"https:\/\/eldiariodesanpedro.com.ar\/sitio\/wp-json\/wp\/v2\/comments?post=7130"}],"version-history":[{"count":1,"href":"https:\/\/eldiariodesanpedro.com.ar\/sitio\/wp-json\/wp\/v2\/posts\/7130\/revisions"}],"predecessor-version":[{"id":7132,"href":"https:\/\/eldiariodesanpedro.com.ar\/sitio\/wp-json\/wp\/v2\/posts\/7130\/revisions\/7132"}],"wp:featuredmedia":[{"embeddable":true,"href":"https:\/\/eldiariodesanpedro.com.ar\/sitio\/wp-json\/wp\/v2\/media\/7131"}],"wp:attachment":[{"href":"https:\/\/eldiariodesanpedro.com.ar\/sitio\/wp-json\/wp\/v2\/media?parent=7130"}],"wp:term":[{"taxonomy":"category","embeddable":true,"href":"https:\/\/eldiariodesanpedro.com.ar\/sitio\/wp-json\/wp\/v2\/categories?post=7130"},{"taxonomy":"post_tag","embeddable":true,"href":"https:\/\/eldiariodesanpedro.com.ar\/sitio\/wp-json\/wp\/v2\/tags?post=7130"}],"curies":[{"name":"wp","href":"https:\/\/api.w.org\/{rel}","templated":true}]}}