{"id":7127,"date":"2016-08-15T18:47:57","date_gmt":"2016-08-15T21:47:57","guid":{"rendered":"https:\/\/eldiariodesanpedro.com.ar\/sitio\/?p=7127"},"modified":"2016-08-15T18:47:57","modified_gmt":"2016-08-15T21:47:57","slug":"una-mujer-murio-en-un-incendio-en-cruz-roja-al-700","status":"publish","type":"post","link":"https:\/\/eldiariodesanpedro.com.ar\/sitio\/una-mujer-murio-en-un-incendio-en-cruz-roja-al-700\/","title":{"rendered":"Una mujer muri\u00f3 en un incendio en Cruz Roja al 700"},"content":{"rendered":"<p><!-- VideographyWP Plugin Message: Automatic video embedding prevented by plugin options. --><br \/>\nEn la tarde del domingo, cerca de las 16.30 hs. se produjo un incendio en una casa de Cruz Roja al 700.  Se ignoran los motivos a\u00fan por los cuales se produjo el siniestro, lo cierto es que una mujer  de 63 a\u00f1os, que estaba cuadripl\u00e9jica, que se hallaba en el interior falleci\u00f3.<br \/>\nLa polic\u00eda investiga lo sucedido y se espera determinar en las pr\u00f3ximas horas, mediante peritajes, si el fuego se origin\u00f3 intencionadamente o se trat\u00f3 de un accidente dom\u00e9stico.<\/p>\n","protected":false},"excerpt":{"rendered":"<p>En la tarde del domingo, cerca de las 16.30 hs. se produjo un incendio en una casa de Cruz Roja al 700. Se ignoran los motivos a\u00fan por los cuales se produjo el siniestro, lo cierto es que una mujer de 63 a\u00f1os, que estaba cuadripl\u00e9jica, que se hallaba en el interior falleci\u00f3. La polic\u00eda [&hellip;]<\/p>\n","protected":false},"author":4,"featured_media":7128,"comment_status":"open","ping_status":"closed","sticky":false,"template":"","format":"standard","meta":{"om_disable_all_campaigns":false,"_jetpack_memberships_contains_paid_content":false,"footnotes":""},"categories":[50,2,103],"tags":[],"class_list":["post-7127","post","type-post","status-publish","format-standard","has-post-thumbnail","hentry","category-destacadas","category-locales","category-policiales-locales"],"aioseo_notices":[],"gutentor_comment":0,"jetpack_featured_media_url":"https:\/\/eldiariodesanpedro.com.ar\/sitio\/wp-content\/uploads\/2016\/08\/incendio.jpg","jetpack_shortlink":"https:\/\/wp.me\/p6RhLt-1QX","jetpack_sharing_enabled":true,"_links":{"self":[{"href":"https:\/\/eldiariodesanpedro.com.ar\/sitio\/wp-json\/wp\/v2\/posts\/7127","targetHints":{"allow":["GET"]}}],"collection":[{"href":"https:\/\/eldiariodesanpedro.com.ar\/sitio\/wp-json\/wp\/v2\/posts"}],"about":[{"href":"https:\/\/eldiariodesanpedro.com.ar\/sitio\/wp-json\/wp\/v2\/types\/post"}],"author":[{"embeddable":true,"href":"https:\/\/eldiariodesanpedro.com.ar\/sitio\/wp-json\/wp\/v2\/users\/4"}],"replies":[{"embeddable":true,"href":"https:\/\/eldiariodesanpedro.com.ar\/sitio\/wp-json\/wp\/v2\/comments?post=7127"}],"version-history":[{"count":1,"href":"https:\/\/eldiariodesanpedro.com.ar\/sitio\/wp-json\/wp\/v2\/posts\/7127\/revisions"}],"predecessor-version":[{"id":7129,"href":"https:\/\/eldiariodesanpedro.com.ar\/sitio\/wp-json\/wp\/v2\/posts\/7127\/revisions\/7129"}],"wp:featuredmedia":[{"embeddable":true,"href":"https:\/\/eldiariodesanpedro.com.ar\/sitio\/wp-json\/wp\/v2\/media\/7128"}],"wp:attachment":[{"href":"https:\/\/eldiariodesanpedro.com.ar\/sitio\/wp-json\/wp\/v2\/media?parent=7127"}],"wp:term":[{"taxonomy":"category","embeddable":true,"href":"https:\/\/eldiariodesanpedro.com.ar\/sitio\/wp-json\/wp\/v2\/categories?post=7127"},{"taxonomy":"post_tag","embeddable":true,"href":"https:\/\/eldiariodesanpedro.com.ar\/sitio\/wp-json\/wp\/v2\/tags?post=7127"}],"curies":[{"name":"wp","href":"https:\/\/api.w.org\/{rel}","templated":true}]}}