{"id":7124,"date":"2016-08-15T18:46:00","date_gmt":"2016-08-15T21:46:00","guid":{"rendered":"https:\/\/eldiariodesanpedro.com.ar\/sitio\/?p=7124"},"modified":"2016-08-15T18:46:00","modified_gmt":"2016-08-15T21:46:00","slug":"se-realizo-el-acto-por-el-166o-aniversario-del-fallecimiento-del-general-don-jose-de-san-martin","status":"publish","type":"post","link":"https:\/\/eldiariodesanpedro.com.ar\/sitio\/se-realizo-el-acto-por-el-166o-aniversario-del-fallecimiento-del-general-don-jose-de-san-martin\/","title":{"rendered":"Se realiz\u00f3 el acto por el 166\u00ba Aniversario del Fallecimiento del General Don Jos\u00e9 de San Mart\u00edn"},"content":{"rendered":"<p><!-- VideographyWP Plugin Message: Automatic video embedding prevented by plugin options. --><br \/>\nSe llev\u00f3 a cabo en la ma\u00f1ana de ayer en la localidad de Santa Luc\u00eda. El mismo fue encabezado por el Intendente Municipal, Cecilio Salazar, acompa\u00f1ado de integrantes de su gabinete y del presidente del HCD, Mario Barbieri.<br \/>\nPrimeramente, las autoridades, izaron el pabell\u00f3n nacional y tras entonarse las estrofas del Himno Nacional Argentino, se puso la ofrenda floral en el busto del pr\u00f3cer en la plaza que lleva su nombre.<br \/>\nMar\u00eda Susana Mora de la Asociaci\u00f3n Sanmartiniana, fue la primera en dirigirse a los presentes. En ese sentido dijo: \u201cSu obsesi\u00f3n fue la libertad de su patria, de Am\u00e9rica toda, esto lo desvel\u00f3 hasta el final de sus d\u00edas de ah\u00ed la frase: Seamos libres lo dem\u00e1s no importa\u201d, manifest\u00f3.<br \/>\nY luego agreg\u00f3: \u201cJ\u00f3venes, hoy todos podemos como San Mart\u00edn luchar por el bien com\u00fan\u00bb.<br \/>\nLuego, Lucia Barbieri, docente de la Escuela Secundaria N\u00ba 1, tambi\u00e9n brind\u00f3 un discurso y momento despu\u00e9s la Pe\u00f1a El Fog\u00f3n brind\u00f3 un cuadro folcl\u00f3rico y luego alumnos de la Escuela Secundaria N\u00ba 1 hicieron una representaci\u00f3n alusiva a la jornada.<br \/>\nPara finalizar se llev\u00f3 a cabo el desfile de instituciones de la ciudad, de que formaron parte una gran cantidad de tropillas de la zona.<\/p>\n","protected":false},"excerpt":{"rendered":"<p>Se llev\u00f3 a cabo en la ma\u00f1ana de ayer en la localidad de Santa Luc\u00eda. El mismo fue encabezado por el Intendente Municipal, Cecilio Salazar, acompa\u00f1ado de integrantes de su gabinete y del presidente del HCD, Mario Barbieri. Primeramente, las autoridades, izaron el pabell\u00f3n nacional y tras entonarse las estrofas del Himno Nacional Argentino, se [&hellip;]<\/p>\n","protected":false},"author":4,"featured_media":7125,"comment_status":"open","ping_status":"closed","sticky":false,"template":"","format":"standard","meta":{"om_disable_all_campaigns":false,"_jetpack_memberships_contains_paid_content":false,"footnotes":""},"categories":[101,2],"tags":[],"class_list":["post-7124","post","type-post","status-publish","format-standard","has-post-thumbnail","hentry","category-interes-general-locales","category-locales"],"aioseo_notices":[],"gutentor_comment":0,"jetpack_featured_media_url":"https:\/\/eldiariodesanpedro.com.ar\/sitio\/wp-content\/uploads\/2016\/08\/san-martin.jpg","jetpack_shortlink":"https:\/\/wp.me\/p6RhLt-1QU","jetpack_sharing_enabled":true,"_links":{"self":[{"href":"https:\/\/eldiariodesanpedro.com.ar\/sitio\/wp-json\/wp\/v2\/posts\/7124","targetHints":{"allow":["GET"]}}],"collection":[{"href":"https:\/\/eldiariodesanpedro.com.ar\/sitio\/wp-json\/wp\/v2\/posts"}],"about":[{"href":"https:\/\/eldiariodesanpedro.com.ar\/sitio\/wp-json\/wp\/v2\/types\/post"}],"author":[{"embeddable":true,"href":"https:\/\/eldiariodesanpedro.com.ar\/sitio\/wp-json\/wp\/v2\/users\/4"}],"replies":[{"embeddable":true,"href":"https:\/\/eldiariodesanpedro.com.ar\/sitio\/wp-json\/wp\/v2\/comments?post=7124"}],"version-history":[{"count":1,"href":"https:\/\/eldiariodesanpedro.com.ar\/sitio\/wp-json\/wp\/v2\/posts\/7124\/revisions"}],"predecessor-version":[{"id":7126,"href":"https:\/\/eldiariodesanpedro.com.ar\/sitio\/wp-json\/wp\/v2\/posts\/7124\/revisions\/7126"}],"wp:featuredmedia":[{"embeddable":true,"href":"https:\/\/eldiariodesanpedro.com.ar\/sitio\/wp-json\/wp\/v2\/media\/7125"}],"wp:attachment":[{"href":"https:\/\/eldiariodesanpedro.com.ar\/sitio\/wp-json\/wp\/v2\/media?parent=7124"}],"wp:term":[{"taxonomy":"category","embeddable":true,"href":"https:\/\/eldiariodesanpedro.com.ar\/sitio\/wp-json\/wp\/v2\/categories?post=7124"},{"taxonomy":"post_tag","embeddable":true,"href":"https:\/\/eldiariodesanpedro.com.ar\/sitio\/wp-json\/wp\/v2\/tags?post=7124"}],"curies":[{"name":"wp","href":"https:\/\/api.w.org\/{rel}","templated":true}]}}