{"id":7121,"date":"2016-08-15T18:43:01","date_gmt":"2016-08-15T21:43:01","guid":{"rendered":"https:\/\/eldiariodesanpedro.com.ar\/sitio\/?p=7121"},"modified":"2016-08-15T18:43:01","modified_gmt":"2016-08-15T21:43:01","slug":"jorge-macri-visito-san-pedro","status":"publish","type":"post","link":"https:\/\/eldiariodesanpedro.com.ar\/sitio\/jorge-macri-visito-san-pedro\/","title":{"rendered":"Jorge Macri visit\u00f3 San Pedro"},"content":{"rendered":"<p><!-- VideographyWP Plugin Message: Automatic video embedding prevented by plugin options. --><br \/>\nEl Intendente de Vicente L\u00f3pez estuvo en la ciudad hoy y recorri\u00f3 la Fiesta de la Ensaimada. Acompa\u00f1ado de la legisladora porte\u00f1a Claudia Calciano y del Intendente Salazar brind\u00f3 una conferencia de prensa. En primera instancia el mandatario local agradeci\u00f3 a su par que luego de las elecciones \u201cpuso a disposici\u00f3n todo su equipo de trabajo para ayudarnos a nosotros que reci\u00e9n empez\u00e1bamos con la gesti\u00f3n\u201d.<br \/>\nPor su parte Macri dijo que San Pedro \u201ces uno de los dos o tres destinos m\u00e1s importantes que tiene la provincia de Buenos Aires, sacando Mar del Plata que es un fen\u00f3meno muy grande\u201d.<br \/>\nLuego afirm\u00f3: \u201cPara m\u00ed es una alegr\u00eda estar hoy acompa\u00f1\u00e1ndolo a Cecilio, un amigo, un gran intendente que en 8 mesos ha hecho una gesti\u00f3n muy importante y mucho m\u00e1s va a venir. Es un hombre muy comprometido con su ciudad, la verdad que nos vuelve loco, al gobierno provincial y nacional porque quiere a este lugar y lo quiere ver con ese brillo que supo tener\u201d. <\/p>\n","protected":false},"excerpt":{"rendered":"<p>El Intendente de Vicente L\u00f3pez estuvo en la ciudad hoy y recorri\u00f3 la Fiesta de la Ensaimada. Acompa\u00f1ado de la legisladora porte\u00f1a Claudia Calciano y del Intendente Salazar brind\u00f3 una conferencia de prensa. En primera instancia el mandatario local agradeci\u00f3 a su par que luego de las elecciones \u201cpuso a disposici\u00f3n todo su equipo de [&hellip;]<\/p>\n","protected":false},"author":4,"featured_media":7122,"comment_status":"open","ping_status":"closed","sticky":false,"template":"","format":"standard","meta":{"om_disable_all_campaigns":false,"_jetpack_memberships_contains_paid_content":false,"footnotes":""},"categories":[50,2,102],"tags":[],"class_list":["post-7121","post","type-post","status-publish","format-standard","has-post-thumbnail","hentry","category-destacadas","category-locales","category-politica-locales"],"aioseo_notices":[],"gutentor_comment":0,"jetpack_featured_media_url":"https:\/\/eldiariodesanpedro.com.ar\/sitio\/wp-content\/uploads\/2016\/08\/conferencia-macri.jpg","jetpack_shortlink":"https:\/\/wp.me\/p6RhLt-1QR","jetpack_sharing_enabled":true,"_links":{"self":[{"href":"https:\/\/eldiariodesanpedro.com.ar\/sitio\/wp-json\/wp\/v2\/posts\/7121","targetHints":{"allow":["GET"]}}],"collection":[{"href":"https:\/\/eldiariodesanpedro.com.ar\/sitio\/wp-json\/wp\/v2\/posts"}],"about":[{"href":"https:\/\/eldiariodesanpedro.com.ar\/sitio\/wp-json\/wp\/v2\/types\/post"}],"author":[{"embeddable":true,"href":"https:\/\/eldiariodesanpedro.com.ar\/sitio\/wp-json\/wp\/v2\/users\/4"}],"replies":[{"embeddable":true,"href":"https:\/\/eldiariodesanpedro.com.ar\/sitio\/wp-json\/wp\/v2\/comments?post=7121"}],"version-history":[{"count":1,"href":"https:\/\/eldiariodesanpedro.com.ar\/sitio\/wp-json\/wp\/v2\/posts\/7121\/revisions"}],"predecessor-version":[{"id":7123,"href":"https:\/\/eldiariodesanpedro.com.ar\/sitio\/wp-json\/wp\/v2\/posts\/7121\/revisions\/7123"}],"wp:featuredmedia":[{"embeddable":true,"href":"https:\/\/eldiariodesanpedro.com.ar\/sitio\/wp-json\/wp\/v2\/media\/7122"}],"wp:attachment":[{"href":"https:\/\/eldiariodesanpedro.com.ar\/sitio\/wp-json\/wp\/v2\/media?parent=7121"}],"wp:term":[{"taxonomy":"category","embeddable":true,"href":"https:\/\/eldiariodesanpedro.com.ar\/sitio\/wp-json\/wp\/v2\/categories?post=7121"},{"taxonomy":"post_tag","embeddable":true,"href":"https:\/\/eldiariodesanpedro.com.ar\/sitio\/wp-json\/wp\/v2\/tags?post=7121"}],"curies":[{"name":"wp","href":"https:\/\/api.w.org\/{rel}","templated":true}]}}