{"id":7118,"date":"2016-08-15T18:41:05","date_gmt":"2016-08-15T21:41:05","guid":{"rendered":"https:\/\/eldiariodesanpedro.com.ar\/sitio\/?p=7118"},"modified":"2016-08-15T18:41:05","modified_gmt":"2016-08-15T21:41:05","slug":"miles-de-personas-participaron-de-la-fiesta-de-la-ensaimada","status":"publish","type":"post","link":"https:\/\/eldiariodesanpedro.com.ar\/sitio\/miles-de-personas-participaron-de-la-fiesta-de-la-ensaimada\/","title":{"rendered":"Miles de personas participaron de la Fiesta de la Ensaimada"},"content":{"rendered":"<p><!-- VideographyWP Plugin Message: Automatic video embedding prevented by plugin options. --><br \/>\nEl evento comenz\u00f3 el s\u00e1bado y tuvo su momento m\u00e1s importante (en cuanto a la afluencia de p\u00fablico) en la tarde de ayer. Se extiende hasta hoy pero solo en lo gastron\u00f3mico puesto que la grilla art\u00edstica finaliz\u00f3 con el n\u00famero central que estuvo a cargo de la banda \u201cElla es Tan Cargosa\u201d. En tanto que ayer cont\u00f3 con la presencia del Intendente de Vicente L\u00f3pez, Jorge Macri (ver nota aparte).<br \/>\nEn esta oportunidad, se desarroll\u00f3 en el Casco Hist\u00f3rico de la ciudad, el escenario fue emplazado frente al Palacio Municipal, mientras que el recorrido de calle Pellegrini desde Per\u00f3n hasta M\u00e1ximo Mill\u00e1n estuvieron emplazada los gazebos de la feria de productos de distinta \u00edndole que complementaron la actividades gastron\u00f3mica t\u00edpica de esta fiesta.<br \/>\nLa grilla art\u00edstica estuvo compuesta por representantes locales, algunos regionales tales como las danzas Arabes con Maru Marzuc, Daniela Melgar R\u00edo Tala Gym, Fent Polseguera y la los bailarines de la Casa Villa Mar\u00eda, Nico Aulet, la banda de rock Neandertalis de Garaje, Jonatan Piatti, folclore co Rodrigo Ricabarrena, Shani La Dulce, cerrando la noche Miguel y la Urband. y para finalizar actu\u00f3 la banda de renombre nacional \u00abElla es Tan Cargosa\u00bb.<\/p>\n","protected":false},"excerpt":{"rendered":"<p>El evento comenz\u00f3 el s\u00e1bado y tuvo su momento m\u00e1s importante (en cuanto a la afluencia de p\u00fablico) en la tarde de ayer. Se extiende hasta hoy pero solo en lo gastron\u00f3mico puesto que la grilla art\u00edstica finaliz\u00f3 con el n\u00famero central que estuvo a cargo de la banda \u201cElla es Tan Cargosa\u201d. En tanto [&hellip;]<\/p>\n","protected":false},"author":4,"featured_media":7119,"comment_status":"open","ping_status":"closed","sticky":false,"template":"","format":"standard","meta":{"om_disable_all_campaigns":false,"_jetpack_memberships_contains_paid_content":false,"footnotes":""},"categories":[101,2],"tags":[],"class_list":["post-7118","post","type-post","status-publish","format-standard","has-post-thumbnail","hentry","category-interes-general-locales","category-locales"],"aioseo_notices":[],"gutentor_comment":0,"jetpack_featured_media_url":"https:\/\/eldiariodesanpedro.com.ar\/sitio\/wp-content\/uploads\/2016\/08\/PAGINA-2-01.jpg","jetpack_shortlink":"https:\/\/wp.me\/p6RhLt-1QO","jetpack_sharing_enabled":true,"_links":{"self":[{"href":"https:\/\/eldiariodesanpedro.com.ar\/sitio\/wp-json\/wp\/v2\/posts\/7118","targetHints":{"allow":["GET"]}}],"collection":[{"href":"https:\/\/eldiariodesanpedro.com.ar\/sitio\/wp-json\/wp\/v2\/posts"}],"about":[{"href":"https:\/\/eldiariodesanpedro.com.ar\/sitio\/wp-json\/wp\/v2\/types\/post"}],"author":[{"embeddable":true,"href":"https:\/\/eldiariodesanpedro.com.ar\/sitio\/wp-json\/wp\/v2\/users\/4"}],"replies":[{"embeddable":true,"href":"https:\/\/eldiariodesanpedro.com.ar\/sitio\/wp-json\/wp\/v2\/comments?post=7118"}],"version-history":[{"count":1,"href":"https:\/\/eldiariodesanpedro.com.ar\/sitio\/wp-json\/wp\/v2\/posts\/7118\/revisions"}],"predecessor-version":[{"id":7120,"href":"https:\/\/eldiariodesanpedro.com.ar\/sitio\/wp-json\/wp\/v2\/posts\/7118\/revisions\/7120"}],"wp:featuredmedia":[{"embeddable":true,"href":"https:\/\/eldiariodesanpedro.com.ar\/sitio\/wp-json\/wp\/v2\/media\/7119"}],"wp:attachment":[{"href":"https:\/\/eldiariodesanpedro.com.ar\/sitio\/wp-json\/wp\/v2\/media?parent=7118"}],"wp:term":[{"taxonomy":"category","embeddable":true,"href":"https:\/\/eldiariodesanpedro.com.ar\/sitio\/wp-json\/wp\/v2\/categories?post=7118"},{"taxonomy":"post_tag","embeddable":true,"href":"https:\/\/eldiariodesanpedro.com.ar\/sitio\/wp-json\/wp\/v2\/tags?post=7118"}],"curies":[{"name":"wp","href":"https:\/\/api.w.org\/{rel}","templated":true}]}}