{"id":7115,"date":"2016-08-15T18:39:45","date_gmt":"2016-08-15T21:39:45","guid":{"rendered":"https:\/\/eldiariodesanpedro.com.ar\/sitio\/?p=7115"},"modified":"2016-08-15T18:39:45","modified_gmt":"2016-08-15T21:39:45","slug":"exitosa-jornada-de-prevencion-sobre-acv","status":"publish","type":"post","link":"https:\/\/eldiariodesanpedro.com.ar\/sitio\/exitosa-jornada-de-prevencion-sobre-acv\/","title":{"rendered":"Exitosa jornada de prevenci\u00f3n sobre ACV"},"content":{"rendered":"<p><!-- VideographyWP Plugin Message: Automatic video embedding prevented by plugin options. --><br \/>\nLa importante jornada sobre la prevenci\u00f3n de accidentes cerebrovasculares se desarroll\u00f3 con una importante concurrencia en calle Pellegrini, en inmediaciones de la Plaza Constituci\u00f3n. All\u00ed se mont\u00f3 un \u201ccerebro gigante\u201d y adem\u00e1s los vecinos pudieron hacerse estudios sobre su estado de salud.<br \/>\nEn tanto que tambi\u00e9n all\u00ed se encontraba presente una \u201cunidad m\u00f3vil de rescate cerebral\u201d que tiene la particularidad de llevar un tomogr\u00e1fico, de las cuales hay muy pocas en la Argentina.<br \/>\n\u201cLo que venimos a hacer hoy es trabajar en prevenci\u00f3n para no tener que llegar al extremo de tener la necesidad de usar este tipo de unidades\u201d, dijo el Dr. van Gelderen director m\u00e9dico de la Cl\u00ednica \u201cLa Sagrada Familia\u201d.<br \/>\nAsegur\u00f3 que el objetivo es hacer docencia y adem\u00e1s los estudios que se practicaron en el lugar miden \u201cla pared en las arterias que irrigan el cerebro, que no haya placas de colesterol y la otra es la toma de presi\u00f3n\u201d.  \u201cAl respecto de eso nos hemos encontrado que los valores de presi\u00f3n que hemos controlado est\u00e1n por encima de la media. En general debo decir que la gente en San Pedro es hipertensa y en la gran parte de la gente desconoc\u00eda\u201d, asever\u00f3 el profesional m\u00e9dico.<br \/>\nAl tiempo que manifest\u00f3 que la gente \u201cno asustarse pero\u201d pero qu\u00e9 \u201ces un problema que con el tiempo va lastimando tanto los ri\u00f1ones como el coraz\u00f3n y por \u00faltimo el cerebro\u201d. \u201cHay una recomendaci\u00f3n que va dirigida a las amas de casa y es cocinar con menos sal\u201d, sostuvo.<br \/>\nEn ese sentido, el Intendente Salazar dijo sobre ello: \u201cEs algo que nos deja preocupados\u201d pero asegur\u00f3 que se van a \u201cimplementar pol\u00edticas de salud para los tiempos que vienen\u201d. \u201cSeguramente vamos a provechar esta experiencia\u201d, asever\u00f3 el mandatario.<br \/>\nPor su parte la legisladora porte\u00f1a Claudia Calciano por el Partido Fe del bloque Cambiemos, se\u00f1al\u00f3: \u201cHa sido una jornada maravillosa con un superavit de gente, creo que nos super\u00f3 800 personas\u201d.<\/p>\n","protected":false},"excerpt":{"rendered":"<p>La importante jornada sobre la prevenci\u00f3n de accidentes cerebrovasculares se desarroll\u00f3 con una importante concurrencia en calle Pellegrini, en inmediaciones de la Plaza Constituci\u00f3n. All\u00ed se mont\u00f3 un \u201ccerebro gigante\u201d y adem\u00e1s los vecinos pudieron hacerse estudios sobre su estado de salud. En tanto que tambi\u00e9n all\u00ed se encontraba presente una \u201cunidad m\u00f3vil de rescate [&hellip;]<\/p>\n","protected":false},"author":4,"featured_media":7116,"comment_status":"open","ping_status":"closed","sticky":false,"template":"","format":"standard","meta":{"om_disable_all_campaigns":false,"_jetpack_memberships_contains_paid_content":false,"footnotes":""},"categories":[101,2],"tags":[],"class_list":["post-7115","post","type-post","status-publish","format-standard","has-post-thumbnail","hentry","category-interes-general-locales","category-locales"],"aioseo_notices":[],"gutentor_comment":0,"jetpack_featured_media_url":"https:\/\/eldiariodesanpedro.com.ar\/sitio\/wp-content\/uploads\/2016\/08\/PAGINA-4-02-4.jpg","jetpack_shortlink":"https:\/\/wp.me\/p6RhLt-1QL","jetpack_sharing_enabled":true,"_links":{"self":[{"href":"https:\/\/eldiariodesanpedro.com.ar\/sitio\/wp-json\/wp\/v2\/posts\/7115","targetHints":{"allow":["GET"]}}],"collection":[{"href":"https:\/\/eldiariodesanpedro.com.ar\/sitio\/wp-json\/wp\/v2\/posts"}],"about":[{"href":"https:\/\/eldiariodesanpedro.com.ar\/sitio\/wp-json\/wp\/v2\/types\/post"}],"author":[{"embeddable":true,"href":"https:\/\/eldiariodesanpedro.com.ar\/sitio\/wp-json\/wp\/v2\/users\/4"}],"replies":[{"embeddable":true,"href":"https:\/\/eldiariodesanpedro.com.ar\/sitio\/wp-json\/wp\/v2\/comments?post=7115"}],"version-history":[{"count":1,"href":"https:\/\/eldiariodesanpedro.com.ar\/sitio\/wp-json\/wp\/v2\/posts\/7115\/revisions"}],"predecessor-version":[{"id":7117,"href":"https:\/\/eldiariodesanpedro.com.ar\/sitio\/wp-json\/wp\/v2\/posts\/7115\/revisions\/7117"}],"wp:featuredmedia":[{"embeddable":true,"href":"https:\/\/eldiariodesanpedro.com.ar\/sitio\/wp-json\/wp\/v2\/media\/7116"}],"wp:attachment":[{"href":"https:\/\/eldiariodesanpedro.com.ar\/sitio\/wp-json\/wp\/v2\/media?parent=7115"}],"wp:term":[{"taxonomy":"category","embeddable":true,"href":"https:\/\/eldiariodesanpedro.com.ar\/sitio\/wp-json\/wp\/v2\/categories?post=7115"},{"taxonomy":"post_tag","embeddable":true,"href":"https:\/\/eldiariodesanpedro.com.ar\/sitio\/wp-json\/wp\/v2\/tags?post=7115"}],"curies":[{"name":"wp","href":"https:\/\/api.w.org\/{rel}","templated":true}]}}