{"id":7111,"date":"2016-08-15T18:38:23","date_gmt":"2016-08-15T21:38:23","guid":{"rendered":"https:\/\/eldiariodesanpedro.com.ar\/sitio\/?p=7111"},"modified":"2016-08-15T18:38:56","modified_gmt":"2016-08-15T21:38:56","slug":"emotivo-acto-por-57o-aniversario-de-los-bomberos-voluntarios","status":"publish","type":"post","link":"https:\/\/eldiariodesanpedro.com.ar\/sitio\/emotivo-acto-por-57o-aniversario-de-los-bomberos-voluntarios\/","title":{"rendered":"Emotivo acto por 57\u00ba aniversario de los Bomberos Voluntarios"},"content":{"rendered":"<p><!-- VideographyWP Plugin Message: Automatic video embedding prevented by plugin options. --><br \/>\nLa ceremonia se llev\u00f3 a cabo en la ma\u00f1ana de este s\u00e1bado en el cuartel central de Belgrano y Alvarado. Fue un acto en el cual no solo se record\u00f3 un nuevo aniversario, sino tambi\u00e9n se hicieron valiosos reconocimientos a instituciones que tuvieron que ver con la fundaci\u00f3n de la instituci\u00f3n, tambi\u00e9n al Sr. Rub\u00e9n Liljestr\u00f6m, integrante de la primer Comisi\u00f3n Directiva y tambi\u00e9n la despedida de Gustavo Vlaeminck  tras 28 a\u00f1os de servicio.<br \/>\nEl Jefe del Cuerpo, comandante mayor Silvio Torrens, manifest\u00f3: \u201cEn este acto tan especial para nosotros que estamos cumplieno 57 aos de vida\u201d tenemos \u201cel orgullo de poder contar con instituciones y ciudadano que han sido los pioneros de esta instituci\u00f3n\u201d.<br \/>\nPor su parte el Presidente del Consejo Directivo, Marcelo Duarte, dijo: \u201cHoy es un d\u00eda especial donde vamos a reconocer a tres instituciones que fueron parte de nuestro inicio institucional\u201d. Es por ello que se descubrieron tres plazas, una en referencia al Rotary Club, otra al Centro de Comercio e Industria y la \u00faltimo a la Municipalidad.<br \/>\nSeguidamente se vivi\u00f3 un emocionante momento. \u201cEs el primer secretario que tuvo la comisi\u00f3n en el a\u00f1o 1959\u201d, dijo Duarte y agreg\u00f3: \u201cHoy tenemos el orgullo que est\u00e9 con nosotros: el se\u00f1or Rub\u00e9n Liljestr\u00f6m\u201d. Brind\u00f3 unas palabras a los presentes y all\u00ed manifest\u00f3: \u201cSon h\u00e9roes porque han dado su vida para salvar la vida de otros que estaban en medio de las llamas. a todos ellos los felicito\u201d. \u201cEs para mi un honor haber formado parte de la primera comisi\u00f3n directiva\u201d.<br \/>\nPara finalizar se oficializ\u00f3 el pase a retiro del subayudante mayor, Gustavo Vlaeminck , quien con 28 a\u00f1os de servicio pasar\u00e1 a formar parte del cuerpo auxiliar. Su familia notablemente emocionada le dej\u00f3 unas palabras a Vlaeminck que vivi\u00f3 el momento con l\u00e1grimas en los ojos<\/p>\n","protected":false},"excerpt":{"rendered":"<p>La ceremonia se llev\u00f3 a cabo en la ma\u00f1ana de este s\u00e1bado en el cuartel central de Belgrano y Alvarado. Fue un acto en el cual no solo se record\u00f3 un nuevo aniversario, sino tambi\u00e9n se hicieron valiosos reconocimientos a instituciones que tuvieron que ver con la fundaci\u00f3n de la instituci\u00f3n, tambi\u00e9n al Sr. Rub\u00e9n [&hellip;]<\/p>\n","protected":false},"author":4,"featured_media":7114,"comment_status":"open","ping_status":"closed","sticky":false,"template":"","format":"standard","meta":{"om_disable_all_campaigns":false,"_jetpack_memberships_contains_paid_content":false,"footnotes":""},"categories":[50,101,2],"tags":[],"class_list":["post-7111","post","type-post","status-publish","format-standard","has-post-thumbnail","hentry","category-destacadas","category-interes-general-locales","category-locales"],"aioseo_notices":[],"gutentor_comment":0,"jetpack_featured_media_url":"https:\/\/eldiariodesanpedro.com.ar\/sitio\/wp-content\/uploads\/2016\/08\/PAGINA-4-01-4.jpg","jetpack_shortlink":"https:\/\/wp.me\/p6RhLt-1QH","jetpack_sharing_enabled":true,"_links":{"self":[{"href":"https:\/\/eldiariodesanpedro.com.ar\/sitio\/wp-json\/wp\/v2\/posts\/7111","targetHints":{"allow":["GET"]}}],"collection":[{"href":"https:\/\/eldiariodesanpedro.com.ar\/sitio\/wp-json\/wp\/v2\/posts"}],"about":[{"href":"https:\/\/eldiariodesanpedro.com.ar\/sitio\/wp-json\/wp\/v2\/types\/post"}],"author":[{"embeddable":true,"href":"https:\/\/eldiariodesanpedro.com.ar\/sitio\/wp-json\/wp\/v2\/users\/4"}],"replies":[{"embeddable":true,"href":"https:\/\/eldiariodesanpedro.com.ar\/sitio\/wp-json\/wp\/v2\/comments?post=7111"}],"version-history":[{"count":1,"href":"https:\/\/eldiariodesanpedro.com.ar\/sitio\/wp-json\/wp\/v2\/posts\/7111\/revisions"}],"predecessor-version":[{"id":7113,"href":"https:\/\/eldiariodesanpedro.com.ar\/sitio\/wp-json\/wp\/v2\/posts\/7111\/revisions\/7113"}],"wp:featuredmedia":[{"embeddable":true,"href":"https:\/\/eldiariodesanpedro.com.ar\/sitio\/wp-json\/wp\/v2\/media\/7114"}],"wp:attachment":[{"href":"https:\/\/eldiariodesanpedro.com.ar\/sitio\/wp-json\/wp\/v2\/media?parent=7111"}],"wp:term":[{"taxonomy":"category","embeddable":true,"href":"https:\/\/eldiariodesanpedro.com.ar\/sitio\/wp-json\/wp\/v2\/categories?post=7111"},{"taxonomy":"post_tag","embeddable":true,"href":"https:\/\/eldiariodesanpedro.com.ar\/sitio\/wp-json\/wp\/v2\/tags?post=7111"}],"curies":[{"name":"wp","href":"https:\/\/api.w.org\/{rel}","templated":true}]}}