{"id":7108,"date":"2016-08-15T18:36:37","date_gmt":"2016-08-15T21:36:37","guid":{"rendered":"https:\/\/eldiariodesanpedro.com.ar\/sitio\/?p=7108"},"modified":"2016-08-15T18:36:37","modified_gmt":"2016-08-15T21:36:37","slug":"leonel-de-ruba-sera-orador-en-el-primer-encuentro-de-la-red-de-ciudades-inteligentes-de-argentina","status":"publish","type":"post","link":"https:\/\/eldiariodesanpedro.com.ar\/sitio\/leonel-de-ruba-sera-orador-en-el-primer-encuentro-de-la-red-de-ciudades-inteligentes-de-argentina\/","title":{"rendered":"Leonel De Ruba ser\u00e1 orador en el primer encuentro de la Red de Ciudades Inteligentes de Argentina"},"content":{"rendered":"<p><!-- VideographyWP Plugin Message: Automatic video embedding prevented by plugin options. --><br \/>\nEl Director de Modernizaci\u00f3n de la Municipalidad de San Pedro, Leonel De Ruba, ha sido invitado por el Consejo Consultivo de la Red de Ciudades Inteligentes de Argentina para ser orador en el primer encuentro que se desarrollar\u00e1 en la Ciudad de San Nicol\u00e1s de los Arroyos, el jueves 25 de Agosto.<br \/>\nDicho evento cuenta con la coordinaci\u00f3n del Ministerio de Modernizaci\u00f3n de la Naci\u00f3n y la organizaci\u00f3n por parte de la consultora tecnol\u00f3gica PRINCE. Se desarrollar\u00e1 en el Teatro Municipal \u201cRafael de Aguiar\u201d, en donde, habr\u00e1 reuniones de expertos y responsables de la Administraci\u00f3n P\u00fablica y Gobierno respecto a la tecnolog\u00eda y modernizaci\u00f3n.<br \/>\nAdem\u00e1s constar\u00e1 de conferencias de expertos, presentaciones de tecnolog\u00edas, experiencias y actividades sociales.<br \/>\nLa Municipalidad de San Pedro, a trav\u00e9s del Director de Modernizaci\u00f3n, participar\u00e1 en el panel \u201cCiudades Inteligentes en Argentina\u201d, en donde se contar\u00e1n desaf\u00edos, logros y objetivos de diferentes ciudades entre las que se contar\u00e1 la experiencia que viene desarrollando la Direcci\u00f3n de Modernizaci\u00f3n y los beneficios de la aplicaci\u00f3n TIC en el gobierno municipal.<br \/>\nEl evento contar\u00e1 con la presencia de empresarios, inversores, expertos, funcionarios municipales de distintas comunas y de representantes del Ministerio de Modernizaci\u00f3n de Naci\u00f3n como tambi\u00e9n de la Subsecretaria de Modernizaci\u00f3n de la  Provincia de Buenos Aires.<\/p>\n","protected":false},"excerpt":{"rendered":"<p>El Director de Modernizaci\u00f3n de la Municipalidad de San Pedro, Leonel De Ruba, ha sido invitado por el Consejo Consultivo de la Red de Ciudades Inteligentes de Argentina para ser orador en el primer encuentro que se desarrollar\u00e1 en la Ciudad de San Nicol\u00e1s de los Arroyos, el jueves 25 de Agosto. Dicho evento cuenta [&hellip;]<\/p>\n","protected":false},"author":4,"featured_media":7109,"comment_status":"open","ping_status":"closed","sticky":false,"template":"","format":"standard","meta":{"om_disable_all_campaigns":false,"_jetpack_memberships_contains_paid_content":false,"footnotes":""},"categories":[101,2],"tags":[],"class_list":["post-7108","post","type-post","status-publish","format-standard","has-post-thumbnail","hentry","category-interes-general-locales","category-locales"],"aioseo_notices":[],"gutentor_comment":0,"jetpack_featured_media_url":"https:\/\/eldiariodesanpedro.com.ar\/sitio\/wp-content\/uploads\/2016\/08\/leo_de_ruba.jpg","jetpack_shortlink":"https:\/\/wp.me\/p6RhLt-1QE","jetpack_sharing_enabled":true,"_links":{"self":[{"href":"https:\/\/eldiariodesanpedro.com.ar\/sitio\/wp-json\/wp\/v2\/posts\/7108","targetHints":{"allow":["GET"]}}],"collection":[{"href":"https:\/\/eldiariodesanpedro.com.ar\/sitio\/wp-json\/wp\/v2\/posts"}],"about":[{"href":"https:\/\/eldiariodesanpedro.com.ar\/sitio\/wp-json\/wp\/v2\/types\/post"}],"author":[{"embeddable":true,"href":"https:\/\/eldiariodesanpedro.com.ar\/sitio\/wp-json\/wp\/v2\/users\/4"}],"replies":[{"embeddable":true,"href":"https:\/\/eldiariodesanpedro.com.ar\/sitio\/wp-json\/wp\/v2\/comments?post=7108"}],"version-history":[{"count":1,"href":"https:\/\/eldiariodesanpedro.com.ar\/sitio\/wp-json\/wp\/v2\/posts\/7108\/revisions"}],"predecessor-version":[{"id":7110,"href":"https:\/\/eldiariodesanpedro.com.ar\/sitio\/wp-json\/wp\/v2\/posts\/7108\/revisions\/7110"}],"wp:featuredmedia":[{"embeddable":true,"href":"https:\/\/eldiariodesanpedro.com.ar\/sitio\/wp-json\/wp\/v2\/media\/7109"}],"wp:attachment":[{"href":"https:\/\/eldiariodesanpedro.com.ar\/sitio\/wp-json\/wp\/v2\/media?parent=7108"}],"wp:term":[{"taxonomy":"category","embeddable":true,"href":"https:\/\/eldiariodesanpedro.com.ar\/sitio\/wp-json\/wp\/v2\/categories?post=7108"},{"taxonomy":"post_tag","embeddable":true,"href":"https:\/\/eldiariodesanpedro.com.ar\/sitio\/wp-json\/wp\/v2\/tags?post=7108"}],"curies":[{"name":"wp","href":"https:\/\/api.w.org\/{rel}","templated":true}]}}