{"id":7105,"date":"2016-08-15T18:35:23","date_gmt":"2016-08-15T21:35:23","guid":{"rendered":"https:\/\/eldiariodesanpedro.com.ar\/sitio\/?p=7105"},"modified":"2016-08-15T18:35:23","modified_gmt":"2016-08-15T21:35:23","slug":"se-conformo-la-camara-de-comercio-exterior-del-ccei-san-pedro","status":"publish","type":"post","link":"https:\/\/eldiariodesanpedro.com.ar\/sitio\/se-conformo-la-camara-de-comercio-exterior-del-ccei-san-pedro\/","title":{"rendered":"Se conform\u00f3 la C\u00e1mara de Comercio Exterior del CCEI San Pedro"},"content":{"rendered":"<p><!-- VideographyWP Plugin Message: Automatic video embedding prevented by plugin options. --><br \/>\nLuego de reuniones preparatorias realizadas durante las \u00faltimas semanas, el lunes pasado qued\u00f3 constituida la C\u00e1mara de Comercio Exterior de la entidad, integrada por representantes de importantes empresas de nuestra regi\u00f3n. El objetivo del grupo es trabajar intensamente en gestiones y propuestas relacionadas con los intereses comunes de quienes forman parte del mismo. En nuestra ciudad es importante la cantidad de empresas que desarrollan actividades vinculadas con estos temas, por lo tanto, un accionar conjunto con el respaldo del Centro de Comercio abrir\u00e1 importantes oportunidades que favorecer\u00e1n a todos.<br \/>\nLa C\u00e1mara de Comercio Exterior del Centro de Comercio e Industria de San Pedro ha quedado conformada de la siguiente manera:<br \/>\nPresidente: N\u00e9stor Casal &#8211; F&#038;F Ingredientes S.A. (foto)<br \/>\nSecretario: Rafael Gomila &#8211; Gomila Group<br \/>\nVocal 1: Martin Lara &#8211; Serviexport SP<br \/>\nVocal 2: Francisco Mattig &#8211; Mattig SRL<br \/>\nVocal 3: Javier Mosqueda &#8211; Ruta 9 Group Log\u00edstica SRL<br \/>\nVocal 4: Jorge Morresi &#8211; Morresi Fruit SRL<br \/>\nLa pr\u00f3xima reuni\u00f3n ser\u00e1 el lunes 21 de Agosto<\/p>\n","protected":false},"excerpt":{"rendered":"<p>Luego de reuniones preparatorias realizadas durante las \u00faltimas semanas, el lunes pasado qued\u00f3 constituida la C\u00e1mara de Comercio Exterior de la entidad, integrada por representantes de importantes empresas de nuestra regi\u00f3n. El objetivo del grupo es trabajar intensamente en gestiones y propuestas relacionadas con los intereses comunes de quienes forman parte del mismo. En nuestra [&hellip;]<\/p>\n","protected":false},"author":4,"featured_media":7106,"comment_status":"open","ping_status":"closed","sticky":false,"template":"","format":"standard","meta":{"om_disable_all_campaigns":false,"_jetpack_memberships_contains_paid_content":false,"footnotes":""},"categories":[101,2],"tags":[],"class_list":["post-7105","post","type-post","status-publish","format-standard","has-post-thumbnail","hentry","category-interes-general-locales","category-locales"],"aioseo_notices":[],"gutentor_comment":0,"jetpack_featured_media_url":"https:\/\/eldiariodesanpedro.com.ar\/sitio\/wp-content\/uploads\/2016\/08\/queda.jpg","jetpack_shortlink":"https:\/\/wp.me\/p6RhLt-1QB","jetpack_sharing_enabled":true,"_links":{"self":[{"href":"https:\/\/eldiariodesanpedro.com.ar\/sitio\/wp-json\/wp\/v2\/posts\/7105","targetHints":{"allow":["GET"]}}],"collection":[{"href":"https:\/\/eldiariodesanpedro.com.ar\/sitio\/wp-json\/wp\/v2\/posts"}],"about":[{"href":"https:\/\/eldiariodesanpedro.com.ar\/sitio\/wp-json\/wp\/v2\/types\/post"}],"author":[{"embeddable":true,"href":"https:\/\/eldiariodesanpedro.com.ar\/sitio\/wp-json\/wp\/v2\/users\/4"}],"replies":[{"embeddable":true,"href":"https:\/\/eldiariodesanpedro.com.ar\/sitio\/wp-json\/wp\/v2\/comments?post=7105"}],"version-history":[{"count":1,"href":"https:\/\/eldiariodesanpedro.com.ar\/sitio\/wp-json\/wp\/v2\/posts\/7105\/revisions"}],"predecessor-version":[{"id":7107,"href":"https:\/\/eldiariodesanpedro.com.ar\/sitio\/wp-json\/wp\/v2\/posts\/7105\/revisions\/7107"}],"wp:featuredmedia":[{"embeddable":true,"href":"https:\/\/eldiariodesanpedro.com.ar\/sitio\/wp-json\/wp\/v2\/media\/7106"}],"wp:attachment":[{"href":"https:\/\/eldiariodesanpedro.com.ar\/sitio\/wp-json\/wp\/v2\/media?parent=7105"}],"wp:term":[{"taxonomy":"category","embeddable":true,"href":"https:\/\/eldiariodesanpedro.com.ar\/sitio\/wp-json\/wp\/v2\/categories?post=7105"},{"taxonomy":"post_tag","embeddable":true,"href":"https:\/\/eldiariodesanpedro.com.ar\/sitio\/wp-json\/wp\/v2\/tags?post=7105"}],"curies":[{"name":"wp","href":"https:\/\/api.w.org\/{rel}","templated":true}]}}