{"id":7085,"date":"2016-08-12T19:11:21","date_gmt":"2016-08-12T22:11:21","guid":{"rendered":"https:\/\/eldiariodesanpedro.com.ar\/sitio\/?p=7085"},"modified":"2016-08-12T19:11:21","modified_gmt":"2016-08-12T22:11:21","slug":"ratifican-denuncia-contra-apama-y-su-titular","status":"publish","type":"post","link":"https:\/\/eldiariodesanpedro.com.ar\/sitio\/ratifican-denuncia-contra-apama-y-su-titular\/","title":{"rendered":"Ratifican denuncia contra APAMA y su titular"},"content":{"rendered":"<p><!-- VideographyWP Plugin Message: Automatic video embedding prevented by plugin options. --><br \/>\nKaren Figueredo fue citada por la UFI N\u00ba 11 para ratificar la denuncia realizada en el mes de mayo contra el titular de APAMA, Fabi\u00e1n Rodr\u00edguez, por \u201cestafa\u201d.<br \/>\nTuvimos la oportunidad de dialogar con ella, quien dio su versi\u00f3n de lo ocurrido. \u201cEsta persona est\u00e1 haciendo estafas a gente de Buenos Aires, haciendo pensionados que no tendr\u00eda que hacer en el lugar\u201d, \u201cuna de las damnificadas fui yo, que ha cre\u00eddo todo lo que me ha dicho\u201d, dijo Karen.<br \/>\nSeguidamente relat\u00f3: \u201cYo ten\u00eda un perro que no era del todo sociable y necesitaba tenerlo en un lugar abierto, no consegu\u00eda tr\u00e1nsito y por una suma de (hace dos a\u00f1os atr\u00e1s estamos hablando) 200 pesos, que es muy poco para un pensionado, \u00e9l te lo trasladaba y despu\u00e9s por mes en una cuenta bancaria se le depositaban el dinero (por mes) solo para que lo tenga y no le ten\u00edas que llevar comida\u201d.<br \/>\n\u201c\u00c9l pintaba que el lugar era enorme, parquizado, que era el ed\u00e9n para los animales y que ah\u00ed se iba a realizar. Iba a estar un tiempo y yo despu\u00e9s me lo iba a llevar, yo mientras buscaba adopci\u00f3n para el perro\u201d, se\u00f1al\u00f3 y continu\u00f3: \u201cCuando lo quiero ir a buscar me dice que lo hab\u00eda dado en adopci\u00f3n y el perro no est\u00e1. Me da un tel\u00e9fono que me puedo comunicar una vez sola y despu\u00e9s no me atienden nunca m\u00e1s y esto no solo me pas\u00f3 a m\u00ed, sino a otras personas\u201d.<br \/>\nEn tanto que no solo fue defraudada por la situaci\u00f3n que cuenta, sino que tambi\u00e9n la denominada \u201cperrera\u201d local no era lo que le hab\u00edan dicho: \u201cCuando llego al lugar me encuentro con un lugar que est\u00e1 a la miseria, los perros est\u00e1n totalmente desnutridos, llenos de pulgas, con sarna, sin cuidado m\u00e9dicos, no van los veterinarios, ellos mismos se encargan de las cosas (como castraciones). Los veterinarios le han hecho juicio al se\u00f1or Fabi\u00e1n Rodr\u00edguez, hay una causa de otras proteccionistas contra \u00e9l, lamentablemente ya cerrada\u201d.<br \/>\nAl tiempo, asegur\u00f3 que \u201clos perros est\u00e1n ah\u00ed con miedo y desesperados por salir\u201d. \u201cEl m\u00edo se llamaba Yaka, pero no lo vi nunca m\u00e1s. El perro est\u00e1 muerto claramente\u201d dijo y sentenci\u00f3: \u201cNo le interesa el bienestar animal\u201d.<\/p>\n","protected":false},"excerpt":{"rendered":"<p>Karen Figueredo fue citada por la UFI N\u00ba 11 para ratificar la denuncia realizada en el mes de mayo contra el titular de APAMA, Fabi\u00e1n Rodr\u00edguez, por \u201cestafa\u201d. Tuvimos la oportunidad de dialogar con ella, quien dio su versi\u00f3n de lo ocurrido. \u201cEsta persona est\u00e1 haciendo estafas a gente de Buenos Aires, haciendo pensionados que [&hellip;]<\/p>\n","protected":false},"author":4,"featured_media":7086,"comment_status":"open","ping_status":"closed","sticky":false,"template":"","format":"standard","meta":{"om_disable_all_campaigns":false,"_jetpack_memberships_contains_paid_content":false,"footnotes":""},"categories":[50,101,2],"tags":[],"class_list":["post-7085","post","type-post","status-publish","format-standard","has-post-thumbnail","hentry","category-destacadas","category-interes-general-locales","category-locales"],"aioseo_notices":[],"gutentor_comment":0,"jetpack_featured_media_url":"https:\/\/eldiariodesanpedro.com.ar\/sitio\/wp-content\/uploads\/2016\/08\/PAGINA-3-10.jpg","jetpack_shortlink":"https:\/\/wp.me\/p6RhLt-1Qh","jetpack_sharing_enabled":true,"_links":{"self":[{"href":"https:\/\/eldiariodesanpedro.com.ar\/sitio\/wp-json\/wp\/v2\/posts\/7085","targetHints":{"allow":["GET"]}}],"collection":[{"href":"https:\/\/eldiariodesanpedro.com.ar\/sitio\/wp-json\/wp\/v2\/posts"}],"about":[{"href":"https:\/\/eldiariodesanpedro.com.ar\/sitio\/wp-json\/wp\/v2\/types\/post"}],"author":[{"embeddable":true,"href":"https:\/\/eldiariodesanpedro.com.ar\/sitio\/wp-json\/wp\/v2\/users\/4"}],"replies":[{"embeddable":true,"href":"https:\/\/eldiariodesanpedro.com.ar\/sitio\/wp-json\/wp\/v2\/comments?post=7085"}],"version-history":[{"count":1,"href":"https:\/\/eldiariodesanpedro.com.ar\/sitio\/wp-json\/wp\/v2\/posts\/7085\/revisions"}],"predecessor-version":[{"id":7087,"href":"https:\/\/eldiariodesanpedro.com.ar\/sitio\/wp-json\/wp\/v2\/posts\/7085\/revisions\/7087"}],"wp:featuredmedia":[{"embeddable":true,"href":"https:\/\/eldiariodesanpedro.com.ar\/sitio\/wp-json\/wp\/v2\/media\/7086"}],"wp:attachment":[{"href":"https:\/\/eldiariodesanpedro.com.ar\/sitio\/wp-json\/wp\/v2\/media?parent=7085"}],"wp:term":[{"taxonomy":"category","embeddable":true,"href":"https:\/\/eldiariodesanpedro.com.ar\/sitio\/wp-json\/wp\/v2\/categories?post=7085"},{"taxonomy":"post_tag","embeddable":true,"href":"https:\/\/eldiariodesanpedro.com.ar\/sitio\/wp-json\/wp\/v2\/tags?post=7085"}],"curies":[{"name":"wp","href":"https:\/\/api.w.org\/{rel}","templated":true}]}}