{"id":7082,"date":"2016-08-12T19:10:09","date_gmt":"2016-08-12T22:10:09","guid":{"rendered":"https:\/\/eldiariodesanpedro.com.ar\/sitio\/?p=7082"},"modified":"2016-08-12T19:10:09","modified_gmt":"2016-08-12T22:10:09","slug":"se-suscribieron-convenios-para-mejorar-la-seguridad-vial","status":"publish","type":"post","link":"https:\/\/eldiariodesanpedro.com.ar\/sitio\/se-suscribieron-convenios-para-mejorar-la-seguridad-vial\/","title":{"rendered":"Se suscribieron convenios para mejorar la seguridad vial"},"content":{"rendered":"<p><!-- VideographyWP Plugin Message: Automatic video embedding prevented by plugin options. --><br \/>\nEl pasado lunes, con la presencia del secretario de Seguridad P\u00fablica, Eduardo Roleri, y el director de Modernizaci\u00f3n, Leonel De Ruba, el intendente municipal, Cecilio Salazar, suscribi\u00f3 tres convenios con la Direcci\u00f3n Provincial de Pol\u00edtica y Seguridad Vial, los cuales mejorar\u00e1n la prevenci\u00f3n en Seguridad Vial.<br \/>\nLos mismos abarcan las elaboraciones de Planes de Educaci\u00f3n Vial, de Difusi\u00f3n y Concientizaci\u00f3n Ciudadana, la creaci\u00f3n de un Observatorio acad\u00e9mico que contar\u00e1 con la supervisi\u00f3n como colaboraci\u00f3n de la Universidad Tecnol\u00f3gica Nacional Facultad Regional San Nicol\u00e1s.<br \/>\nAdem\u00e1s, con estos convenios espec\u00edficos, se busca agilizar la generaci\u00f3n de informaci\u00f3n digital para el RUIT, la automatizaci\u00f3n y sistematizaci\u00f3n de las contravenciones en el Juzgado de Faltas Local, la instalaci\u00f3n de cinem\u00f3metros m\u00f3viles, equipamiento semaf\u00f3rico, equipos de control de luces bajas encendidas y mayor tecnolog\u00eda para los controles de tr\u00e1nsito que se efect\u00faan peri\u00f3dicamente en nuestra ciudad.<br \/>\nEstos, representan no s\u00f3lo un gran avance para el control del tr\u00e1nsito vehicular en nuestra ciudad, sino que mejoran las capacidades tecnol\u00f3gicas del Municipio, para poder utilizar los beneficios de las nuevas tecnolog\u00edas para ordenar nuestra ciudad.<\/p>\n","protected":false},"excerpt":{"rendered":"<p>El pasado lunes, con la presencia del secretario de Seguridad P\u00fablica, Eduardo Roleri, y el director de Modernizaci\u00f3n, Leonel De Ruba, el intendente municipal, Cecilio Salazar, suscribi\u00f3 tres convenios con la Direcci\u00f3n Provincial de Pol\u00edtica y Seguridad Vial, los cuales mejorar\u00e1n la prevenci\u00f3n en Seguridad Vial. Los mismos abarcan las elaboraciones de Planes de Educaci\u00f3n [&hellip;]<\/p>\n","protected":false},"author":4,"featured_media":7083,"comment_status":"open","ping_status":"closed","sticky":false,"template":"","format":"standard","meta":{"om_disable_all_campaigns":false,"_jetpack_memberships_contains_paid_content":false,"footnotes":""},"categories":[101,2],"tags":[],"class_list":["post-7082","post","type-post","status-publish","format-standard","has-post-thumbnail","hentry","category-interes-general-locales","category-locales"],"aioseo_notices":[],"gutentor_comment":0,"jetpack_featured_media_url":"https:\/\/eldiariodesanpedro.com.ar\/sitio\/wp-content\/uploads\/2016\/08\/curso-online-seguridad-vial-licencia-conducir-ciudad-buenos-aires3.jpg","jetpack_shortlink":"https:\/\/wp.me\/p6RhLt-1Qe","jetpack_sharing_enabled":true,"_links":{"self":[{"href":"https:\/\/eldiariodesanpedro.com.ar\/sitio\/wp-json\/wp\/v2\/posts\/7082","targetHints":{"allow":["GET"]}}],"collection":[{"href":"https:\/\/eldiariodesanpedro.com.ar\/sitio\/wp-json\/wp\/v2\/posts"}],"about":[{"href":"https:\/\/eldiariodesanpedro.com.ar\/sitio\/wp-json\/wp\/v2\/types\/post"}],"author":[{"embeddable":true,"href":"https:\/\/eldiariodesanpedro.com.ar\/sitio\/wp-json\/wp\/v2\/users\/4"}],"replies":[{"embeddable":true,"href":"https:\/\/eldiariodesanpedro.com.ar\/sitio\/wp-json\/wp\/v2\/comments?post=7082"}],"version-history":[{"count":1,"href":"https:\/\/eldiariodesanpedro.com.ar\/sitio\/wp-json\/wp\/v2\/posts\/7082\/revisions"}],"predecessor-version":[{"id":7084,"href":"https:\/\/eldiariodesanpedro.com.ar\/sitio\/wp-json\/wp\/v2\/posts\/7082\/revisions\/7084"}],"wp:featuredmedia":[{"embeddable":true,"href":"https:\/\/eldiariodesanpedro.com.ar\/sitio\/wp-json\/wp\/v2\/media\/7083"}],"wp:attachment":[{"href":"https:\/\/eldiariodesanpedro.com.ar\/sitio\/wp-json\/wp\/v2\/media?parent=7082"}],"wp:term":[{"taxonomy":"category","embeddable":true,"href":"https:\/\/eldiariodesanpedro.com.ar\/sitio\/wp-json\/wp\/v2\/categories?post=7082"},{"taxonomy":"post_tag","embeddable":true,"href":"https:\/\/eldiariodesanpedro.com.ar\/sitio\/wp-json\/wp\/v2\/tags?post=7082"}],"curies":[{"name":"wp","href":"https:\/\/api.w.org\/{rel}","templated":true}]}}